{"id":5958,"date":"2015-02-05T23:30:10","date_gmt":"2015-02-05T23:30:10","guid":{"rendered":"http:\/\/www.memoriadelesilles.org\/wordpress\/?p=5958"},"modified":"2015-02-05T23:30:10","modified_gmt":"2015-02-05T23:30:10","slug":"ha-mort-isabel-coll-una-de-les-darreres-preses-de-can-sales","status":"publish","type":"post","link":"https:\/\/memoriadelesilles.org\/wordpress\/2015\/02\/05\/ha-mort-isabel-coll-una-de-les-darreres-preses-de-can-sales\/","title":{"rendered":"Ha mort Isabel Coll, una de les darreres preses de Can Sales"},"content":{"rendered":"<div style=\"font-weight: normal; color: #222222;\"><span style=\"color: #141823;\">Ens ha deixat una estimada amiga, militant socialista i guardiana de la mem\u00f2ria, Isabel Coll Mulet, una de les darreres preses de Can Sales, una gran lluitadora. A la Ruta de la Vergonya de Palma, el mar\u00e7 del 2005, davant la pres\u00f3 de Can Sa<\/span><span style=\"color: #141823;\">les va dir: &#8220;&#8221;No havia tornat a passar mai per aquest carrer, aquest \u00e9s el primer pic d&#8217;en\u00e7\u00e0 que m&#8217;amollaren&#8221;.\u00a0<\/span><\/div>\n<div style=\"font-weight: normal; color: #222222;\"><span style=\"color: #141823;\">\u00a0<\/span><\/div>\n<div style=\"font-weight: normal; color: #222222;\">La podeu veure en aquests enlla\u00e7, al cap\u00edltol de Mem\u00f2ria i Oblit d&#8217;una guerra dedicat a la pres\u00f3 de dones de Can Sales:<\/div>\n<div style=\"font-weight: normal; color: #222222;\"><\/div>\n<div style=\"font-weight: normal; color: #222222;\"><a style=\"color: #1155cc;\" href=\"http:\/\/vimeopro.com\/cineticaproduccions\/memoria-i-oblit-duna-guerra\/video\/65149976\" target=\"_blank\">http:\/\/vimeopro.com\/<wbr><\/wbr>cineticaproduccions\/memoria-i-<wbr><\/wbr>oblit-duna-guerra\/video\/<wbr><\/wbr>65149976<\/a><\/div>\n<div style=\"font-weight: normal; color: #222222;\"><span style=\"color: #141823;\">\u00a0<\/span><\/div>\n<div style=\"font-weight: normal; color: #222222;\"><span style=\"color: #141823;\">Descansa en pau Isabel i que la terra et sigui lleu<\/span><\/div>\n<div style=\"font-weight: normal; color: #222222;\"><span style=\"color: #141823;\">Sempre a la nostra mem\u00f2ria!<\/span><\/div>\n","protected":false},"excerpt":{"rendered":"<p>Ens ha deixat una estimada amiga, militant socialista i guardiana de la mem\u00f2ria, Isabel Coll Mulet, una de les darreres &hellip; <a class=\"more-link\" href=\"https:\/\/memoriadelesilles.org\/wordpress\/2015\/02\/05\/ha-mort-isabel-coll-una-de-les-darreres-preses-de-can-sales\/\">M\u00e9s<\/a><\/p>\n","protected":false},"author":1,"featured_media":0,"comment_status":"closed","ping_status":"closed","sticky":false,"template":"","format":"standard","meta":{"footnotes":""},"categories":[2,1],"tags":[],"class_list":["post-5958","post","type-post","status-publish","format-standard","hentry","category-noticies","category-uncategorized",""],"_links":{"self":[{"href":"https:\/\/memoriadelesilles.org\/wordpress\/wp-json\/wp\/v2\/posts\/5958","targetHints":{"allow":["GET"]}}],"collection":[{"href":"https:\/\/memoriadelesilles.org\/wordpress\/wp-json\/wp\/v2\/posts"}],"about":[{"href":"https:\/\/memoriadelesilles.org\/wordpress\/wp-json\/wp\/v2\/types\/post"}],"author":[{"embeddable":true,"href":"https:\/\/memoriadelesilles.org\/wordpress\/wp-json\/wp\/v2\/users\/1"}],"replies":[{"embeddable":true,"href":"https:\/\/memoriadelesilles.org\/wordpress\/wp-json\/wp\/v2\/comments?post=5958"}],"version-history":[{"count":0,"href":"https:\/\/memoriadelesilles.org\/wordpress\/wp-json\/wp\/v2\/posts\/5958\/revisions"}],"wp:attachment":[{"href":"https:\/\/memoriadelesilles.org\/wordpress\/wp-json\/wp\/v2\/media?parent=5958"}],"wp:term":[{"taxonomy":"category","embeddable":true,"href":"https:\/\/memoriadelesilles.org\/wordpress\/wp-json\/wp\/v2\/categories?post=5958"},{"taxonomy":"post_tag","embeddable":true,"href":"https:\/\/memoriadelesilles.org\/wordpress\/wp-json\/wp\/v2\/tags?post=5958"}],"curies":[{"name":"wp","href":"https:\/\/api.w.org\/{rel}","templated":true}]}}