{"id":5954,"date":"2015-02-03T14:27:13","date_gmt":"2015-02-03T14:27:13","guid":{"rendered":"http:\/\/www.memoriadelesilles.org\/wordpress\/?p=5954"},"modified":"2015-02-03T14:27:13","modified_gmt":"2015-02-03T14:27:13","slug":"document-espana-incumple-las-recomendaciones-internacionales-en-materia-de-prevencion-y-sancion-de-la-tortura-y-los-malos-tratos","status":"publish","type":"post","link":"https:\/\/memoriadelesilles.org\/wordpress\/2015\/02\/03\/document-espana-incumple-las-recomendaciones-internacionales-en-materia-de-prevencion-y-sancion-de-la-tortura-y-los-malos-tratos\/","title":{"rendered":"Document: &#8220;Espa\u00f1a incumple las recomendaciones internacionales en materia de prevenci\u00f3n y sanci\u00f3n de la tortura y los malos tratos.&#8221;"},"content":{"rendered":"<p><i style=\"color: #222222;\">Pensam ser\u00e0 del vostre inter\u00e8s con\u00e8ixer la realitat envers la tortura que sovint es practica a l&#8217;Estat Espanyol i la seva impunitat. \u00c9s per aix\u00f2 que vos rebotam el seg\u00fcent comunicat:\u00a0<\/i><br style=\"color: #222222;\" \/><br style=\"color: #222222;\" \/>Le facilitamos el\u00a0<strong><a style=\"color: #1155cc;\" href=\"http:\/\/aedidh.org\/sites\/default\/files\/Comunicado%20Seminario%20Tortura%20Espa%C3%B1a.pdf\" target=\"_blank\">comunicado aprobado por las organizaciones participantes en la jornada &#8220;Contra la tortura. Retos y desaf\u00edos en Espa\u00f1a&#8221;<\/a><\/strong>, celebrada el 29 de enero en Madrid.<\/p>\n<p><a href=\"http:\/\/www.memoriadelesilles.org\/wordpress\/wp-content\/uploads\/2015\/02\/Comunicado-Seminario-Tortura-Espa\u00f1a.pdf\">Comunicado Seminario Tortura Espa\u00f1a<\/a><\/p>\n","protected":false},"excerpt":{"rendered":"<p>Pensam ser\u00e0 del vostre inter\u00e8s con\u00e8ixer la realitat envers la tortura que sovint es practica a l&#8217;Estat Espanyol i la &hellip; <a class=\"more-link\" href=\"https:\/\/memoriadelesilles.org\/wordpress\/2015\/02\/03\/document-espana-incumple-las-recomendaciones-internacionales-en-materia-de-prevencion-y-sancion-de-la-tortura-y-los-malos-tratos\/\">M\u00e9s<\/a><\/p>\n","protected":false},"author":1,"featured_media":0,"comment_status":"closed","ping_status":"closed","sticky":false,"template":"","format":"standard","meta":{"footnotes":""},"categories":[2,1],"tags":[],"class_list":["post-5954","post","type-post","status-publish","format-standard","hentry","category-noticies","category-uncategorized",""],"_links":{"self":[{"href":"https:\/\/memoriadelesilles.org\/wordpress\/wp-json\/wp\/v2\/posts\/5954","targetHints":{"allow":["GET"]}}],"collection":[{"href":"https:\/\/memoriadelesilles.org\/wordpress\/wp-json\/wp\/v2\/posts"}],"about":[{"href":"https:\/\/memoriadelesilles.org\/wordpress\/wp-json\/wp\/v2\/types\/post"}],"author":[{"embeddable":true,"href":"https:\/\/memoriadelesilles.org\/wordpress\/wp-json\/wp\/v2\/users\/1"}],"replies":[{"embeddable":true,"href":"https:\/\/memoriadelesilles.org\/wordpress\/wp-json\/wp\/v2\/comments?post=5954"}],"version-history":[{"count":0,"href":"https:\/\/memoriadelesilles.org\/wordpress\/wp-json\/wp\/v2\/posts\/5954\/revisions"}],"wp:attachment":[{"href":"https:\/\/memoriadelesilles.org\/wordpress\/wp-json\/wp\/v2\/media?parent=5954"}],"wp:term":[{"taxonomy":"category","embeddable":true,"href":"https:\/\/memoriadelesilles.org\/wordpress\/wp-json\/wp\/v2\/categories?post=5954"},{"taxonomy":"post_tag","embeddable":true,"href":"https:\/\/memoriadelesilles.org\/wordpress\/wp-json\/wp\/v2\/tags?post=5954"}],"curies":[{"name":"wp","href":"https:\/\/api.w.org\/{rel}","templated":true}]}}