{"id":5950,"date":"2015-02-02T15:07:03","date_gmt":"2015-02-02T15:07:03","guid":{"rendered":"http:\/\/www.memoriadelesilles.org\/wordpress\/?p=5950"},"modified":"2015-02-02T15:07:03","modified_gmt":"2015-02-02T15:07:03","slug":"concentracio-a-soller-veritatjusticia-i-reparacio","status":"publish","type":"post","link":"https:\/\/memoriadelesilles.org\/wordpress\/2015\/02\/02\/concentracio-a-soller-veritatjusticia-i-reparacio\/","title":{"rendered":"Concentraci\u00f3 a Soller: &#8220;VERITAT,JUST\u00cdCIA I REPARACI\u00d3!&#8221;"},"content":{"rendered":"<p><span style=\"color: #141823;\">LA CONCENTRACI\u00d3 MENSUAL QUE HABITUALMENT ES FA TOTS ELS PRIMERS DISSABTES DE MES A LA PLA\u00c7A MAJOR DE PALMA, EL PROPER DISSABTE, DIA 7 DE FEBRER, ES FAR\u00c0, SOLS EN AQUESTA OCASI\u00d3, A S\u00d3LLER.\u00a0<\/span><br style=\"color: #141823;\" \/><span style=\"color: #141823;\">RECORDAU TRUCAR AL\u00a0<a style=\"color: #1155cc;\" href=\"tel:661587445\" target=\"_blank\">661587445<\/a>\u00a0PER RESERVAR EL DINAR, COM A M\u00c0XIM EL 6 DE FEBRER (PREU MEN\u00da 6 EUROS PER CAP). ADJUNT TENIU EL CARTELL.<\/span><\/p>\n<div style=\"color: #222222;\"><span style=\"color: #141823;\">Salut i Mem\u00f2ria\u00a0<\/span><\/div>\n<div style=\"color: #222222;\"><a href=\"http:\/\/www.memoriadelesilles.org\/wordpress\/wp-content\/uploads\/2015\/02\/Soller-febrer-cartell-2.jpg\"><img loading=\"lazy\" decoding=\"async\" class=\"alignnone size-large wp-image-5951\" src=\"http:\/\/www.memoriadelesilles.org\/wordpress\/wp-content\/uploads\/2015\/02\/Soller-febrer-cartell-2-723x1024.jpg\" alt=\"Soller febrer cartell (2)\" width=\"584\" height=\"827\" \/><\/a><\/div>\n<div style=\"color: #222222;\"><\/div>\n","protected":false},"excerpt":{"rendered":"<p>LA CONCENTRACI\u00d3 MENSUAL QUE HABITUALMENT ES FA TOTS ELS PRIMERS DISSABTES DE MES A LA PLA\u00c7A MAJOR DE PALMA, EL &hellip; <a class=\"more-link\" href=\"https:\/\/memoriadelesilles.org\/wordpress\/2015\/02\/02\/concentracio-a-soller-veritatjusticia-i-reparacio\/\">M\u00e9s<\/a><\/p>\n","protected":false},"author":1,"featured_media":0,"comment_status":"closed","ping_status":"closed","sticky":false,"template":"","format":"standard","meta":{"footnotes":""},"categories":[2,1],"tags":[],"class_list":["post-5950","post","type-post","status-publish","format-standard","hentry","category-noticies","category-uncategorized",""],"_links":{"self":[{"href":"https:\/\/memoriadelesilles.org\/wordpress\/wp-json\/wp\/v2\/posts\/5950","targetHints":{"allow":["GET"]}}],"collection":[{"href":"https:\/\/memoriadelesilles.org\/wordpress\/wp-json\/wp\/v2\/posts"}],"about":[{"href":"https:\/\/memoriadelesilles.org\/wordpress\/wp-json\/wp\/v2\/types\/post"}],"author":[{"embeddable":true,"href":"https:\/\/memoriadelesilles.org\/wordpress\/wp-json\/wp\/v2\/users\/1"}],"replies":[{"embeddable":true,"href":"https:\/\/memoriadelesilles.org\/wordpress\/wp-json\/wp\/v2\/comments?post=5950"}],"version-history":[{"count":0,"href":"https:\/\/memoriadelesilles.org\/wordpress\/wp-json\/wp\/v2\/posts\/5950\/revisions"}],"wp:attachment":[{"href":"https:\/\/memoriadelesilles.org\/wordpress\/wp-json\/wp\/v2\/media?parent=5950"}],"wp:term":[{"taxonomy":"category","embeddable":true,"href":"https:\/\/memoriadelesilles.org\/wordpress\/wp-json\/wp\/v2\/categories?post=5950"},{"taxonomy":"post_tag","embeddable":true,"href":"https:\/\/memoriadelesilles.org\/wordpress\/wp-json\/wp\/v2\/tags?post=5950"}],"curies":[{"name":"wp","href":"https:\/\/api.w.org\/{rel}","templated":true}]}}