{"id":5945,"date":"2015-01-30T08:32:24","date_gmt":"2015-01-30T08:32:24","guid":{"rendered":"http:\/\/www.memoriadelesilles.org\/wordpress\/?p=5945"},"modified":"2015-01-30T08:32:24","modified_gmt":"2015-01-30T08:32:24","slug":"programes-de-radio-a-ona-mediterrania-gener-2015","status":"publish","type":"post","link":"https:\/\/memoriadelesilles.org\/wordpress\/2015\/01\/30\/programes-de-radio-a-ona-mediterrania-gener-2015\/","title":{"rendered":"Programes de r\u00e0dio a Ona Mediterr\u00e0nia (Gener 2015)"},"content":{"rendered":"<p>Els enlla\u00e7os de les entrevistes del mes de gener que Ona Mediterr\u00e0nia dedica cada dimarts a la RMH :<\/p>\n<p>&#8211; Guillem Mir, a partir 1&#8217;38:<\/p>\n<p><a href=\"http:\/\/www.ivoox.com\/tentol-13-01-15-audios-mp3_rf_3945808_1.html\">http:\/\/www.ivoox.com\/tentol-13-01-15-audios-mp3_rf_3945808_1.html<\/a><\/p>\n<p>&#8211; Miquel Fiol, a partir 1&#8217;47<\/p>\n<p><a href=\"http:\/\/www.ivoox.com\/tentol-27-01-15-audios-mp3_rf_4005410_1.html\">http:\/\/www.ivoox.com\/tentol-27-01-15-audios-mp3_rf_4005410_1.html<\/a><\/p>\n","protected":false},"excerpt":{"rendered":"<p>Els enlla\u00e7os de les entrevistes del mes de gener que Ona Mediterr\u00e0nia dedica cada dimarts a la RMH : &#8211; &hellip; <a class=\"more-link\" href=\"https:\/\/memoriadelesilles.org\/wordpress\/2015\/01\/30\/programes-de-radio-a-ona-mediterrania-gener-2015\/\">M\u00e9s<\/a><\/p>\n","protected":false},"author":1,"featured_media":0,"comment_status":"closed","ping_status":"closed","sticky":false,"template":"","format":"standard","meta":{"footnotes":""},"categories":[2,1],"tags":[],"class_list":["post-5945","post","type-post","status-publish","format-standard","hentry","category-noticies","category-uncategorized",""],"_links":{"self":[{"href":"https:\/\/memoriadelesilles.org\/wordpress\/wp-json\/wp\/v2\/posts\/5945","targetHints":{"allow":["GET"]}}],"collection":[{"href":"https:\/\/memoriadelesilles.org\/wordpress\/wp-json\/wp\/v2\/posts"}],"about":[{"href":"https:\/\/memoriadelesilles.org\/wordpress\/wp-json\/wp\/v2\/types\/post"}],"author":[{"embeddable":true,"href":"https:\/\/memoriadelesilles.org\/wordpress\/wp-json\/wp\/v2\/users\/1"}],"replies":[{"embeddable":true,"href":"https:\/\/memoriadelesilles.org\/wordpress\/wp-json\/wp\/v2\/comments?post=5945"}],"version-history":[{"count":0,"href":"https:\/\/memoriadelesilles.org\/wordpress\/wp-json\/wp\/v2\/posts\/5945\/revisions"}],"wp:attachment":[{"href":"https:\/\/memoriadelesilles.org\/wordpress\/wp-json\/wp\/v2\/media?parent=5945"}],"wp:term":[{"taxonomy":"category","embeddable":true,"href":"https:\/\/memoriadelesilles.org\/wordpress\/wp-json\/wp\/v2\/categories?post=5945"},{"taxonomy":"post_tag","embeddable":true,"href":"https:\/\/memoriadelesilles.org\/wordpress\/wp-json\/wp\/v2\/tags?post=5945"}],"curies":[{"name":"wp","href":"https:\/\/api.w.org\/{rel}","templated":true}]}}