{"id":5939,"date":"2015-01-28T22:17:36","date_gmt":"2015-01-28T22:17:36","guid":{"rendered":"http:\/\/www.memoriadelesilles.org\/wordpress\/?p=5939"},"modified":"2015-01-28T22:17:36","modified_gmt":"2015-01-28T22:17:36","slug":"convocatoria-ix-assemblea-2015-memoria-de-mallorca","status":"publish","type":"post","link":"https:\/\/memoriadelesilles.org\/wordpress\/2015\/01\/28\/convocatoria-ix-assemblea-2015-memoria-de-mallorca\/","title":{"rendered":"Convocat\u00f2ria IX Assemblea 2015 Mem\u00f2ria de Mallorca"},"content":{"rendered":"<p>Benvolguts companys i benvolgudes companyes<\/p>\n<p>Es convoca l\u2019Assemblea General Ordin\u00e0ria de l\u2019Associaci\u00f3 Mem\u00f2ria de Mallorca, el dia\u00a0<strong>28 de febrer de 2015, a les 11 h, a la Casa del Poble d\u2019Esporles\u00a0<\/strong>(C\/ Casa des Poble, 8, Esporles), amb el seg\u00fcent ordre del dia:<\/p>\n<ol>\n<li>Lectura i aprovaci\u00f3 de l\u2019acta de l\u2019assemblea anterior.<\/li>\n<li>Mem\u00f2ria d\u2019activitats i aprovaci\u00f3 dels comptes.<\/li>\n<li>Declaracions en seu judicial a Mallorca i estat de la querella argentina<\/li>\n<li>Exhumaci\u00f3 Fossa Sant Joan<\/li>\n<li>Precs i preguntes.<\/li>\n<\/ol>\n<p>La Assemblea ser\u00e0 oberta i p\u00fablica, amb la participaci\u00f3 de totes aquelles persones que hi vulguin assistir. Els companys i companyes de Mem\u00f2ria de Mallorca d\u2019Esporles, ens oferiran una visita guiada a l\u2019emblem\u00e0tic i simb\u00f2lic edifici de la Casa del Poble d\u2019Esporles.<\/p>\n<p>Finalment, recordar-vos que ja podeu ingressar la quota anual de socis 2015 al \u00a0compte corrent 2056 0004 49 4102006399 de Caixa Colonya,<strong>\u00a0<\/strong>indicant el vostre nom i el concepte, o si ho preferiu, abonar-la en efectiu el dia 28 de febrer a la mateixa Assemblea.<\/p>\n<p>Gr\u00e0cies com sempre pel vostre suport i fins aviat.<\/p>\n<p>Maria Ant\u00f2nia Oliver i Paris<\/p>\n<p>Presidenta de l\u2019Associaci\u00f3 Mem\u00f2ria de Mallorca<\/p>\n<p>Calvi\u00e0, 28 gener de 2015.<\/p>\n","protected":false},"excerpt":{"rendered":"<p>Benvolguts companys i benvolgudes companyes Es convoca l\u2019Assemblea General Ordin\u00e0ria de l\u2019Associaci\u00f3 Mem\u00f2ria de Mallorca, el dia\u00a028 de febrer de &hellip; <a class=\"more-link\" href=\"https:\/\/memoriadelesilles.org\/wordpress\/2015\/01\/28\/convocatoria-ix-assemblea-2015-memoria-de-mallorca\/\">M\u00e9s<\/a><\/p>\n","protected":false},"author":1,"featured_media":0,"comment_status":"closed","ping_status":"closed","sticky":false,"template":"","format":"standard","meta":{"footnotes":""},"categories":[2,1],"tags":[],"class_list":["post-5939","post","type-post","status-publish","format-standard","hentry","category-noticies","category-uncategorized",""],"_links":{"self":[{"href":"https:\/\/memoriadelesilles.org\/wordpress\/wp-json\/wp\/v2\/posts\/5939","targetHints":{"allow":["GET"]}}],"collection":[{"href":"https:\/\/memoriadelesilles.org\/wordpress\/wp-json\/wp\/v2\/posts"}],"about":[{"href":"https:\/\/memoriadelesilles.org\/wordpress\/wp-json\/wp\/v2\/types\/post"}],"author":[{"embeddable":true,"href":"https:\/\/memoriadelesilles.org\/wordpress\/wp-json\/wp\/v2\/users\/1"}],"replies":[{"embeddable":true,"href":"https:\/\/memoriadelesilles.org\/wordpress\/wp-json\/wp\/v2\/comments?post=5939"}],"version-history":[{"count":0,"href":"https:\/\/memoriadelesilles.org\/wordpress\/wp-json\/wp\/v2\/posts\/5939\/revisions"}],"wp:attachment":[{"href":"https:\/\/memoriadelesilles.org\/wordpress\/wp-json\/wp\/v2\/media?parent=5939"}],"wp:term":[{"taxonomy":"category","embeddable":true,"href":"https:\/\/memoriadelesilles.org\/wordpress\/wp-json\/wp\/v2\/categories?post=5939"},{"taxonomy":"post_tag","embeddable":true,"href":"https:\/\/memoriadelesilles.org\/wordpress\/wp-json\/wp\/v2\/tags?post=5939"}],"curies":[{"name":"wp","href":"https:\/\/api.w.org\/{rel}","templated":true}]}}