{"id":5934,"date":"2015-01-26T21:48:26","date_gmt":"2015-01-26T21:48:26","guid":{"rendered":"http:\/\/www.memoriadelesilles.org\/wordpress\/?p=5934"},"modified":"2015-01-26T21:48:26","modified_gmt":"2015-01-26T21:48:26","slug":"ruta-de-la-vergonya-a-soller","status":"publish","type":"post","link":"https:\/\/memoriadelesilles.org\/wordpress\/2015\/01\/26\/ruta-de-la-vergonya-a-soller\/","title":{"rendered":"Ruta de la vergonya a S\u00f3ller"},"content":{"rendered":"<p><span style=\"color: #141823;\">Vos informam de la pr\u00f2xima activitat organitzada per Mem\u00f2ria de Mallorca,\u00a0<\/span><span style=\"color: #141823;\">Assemblea Republicana, Col.lectiu Alba\u00efna i Unitat C\u00edvica per la Rep\u00fablica:\u00a0<\/span><\/p>\n<div style=\"color: #222222;\">\n<div><span style=\"color: #141823; font-family: Helvetica, Arial, 'lucida grande', tahoma, verdana, arial, sans-serif;\">Ruta de la vergonya i homenatge als\u00a0defensors\u00a0de la legalitat republicana a S\u00f3ller, el dissabte, 7 de febrer, a les 11&#8217;30 hores, davant l&#8217;Ajuntament de S\u00f3ller,\u00a0<\/span><span style=\"color: #141823;\">P\u00e0rquing de Carrefour, a les 10&#8217;30 hores. Si ho preferiu, hi podeu anar directament).\u00a0<\/span><\/div>\n<div><span style=\"color: #141823;\">Ruta i visita guiada:\u00a0<\/span><span style=\"color: #141823; font-family: Helvetica, Arial, 'lucida grande', tahoma, verdana, arial, sans-serif;\">11&#8217;30 hores davant l&#8217;Ajuntament de S\u00f3ller, es llegiran les reiterades peticions fetes per a la retirada dels monuments feixistes del municipi. A la Pla\u00e7a de &#8220;La Cruz de los Caidos&#8221; (devora Ajuntament) es llegir\u00e0 un manifest. Amb cotxe, visitarem al campament pres\u00f3 de republicans &#8220;Es Llatzaret&#8221;, s&#8217;explicar\u00e0 que va ser aquest indret i farem una ofrena floral\u00a0col\u00b7lectiva\u00a0a les v\u00edctimes del feixisme de S\u00f3ller. Acabarem la ruta a\u00a0Muleta on s&#8217;hi explicaran els fets que provocaren l&#8217;assassinat dels carrabiners que defensaren la legalitat.\u00a0<\/span><\/div>\n<div><br style=\"color: #141823;\" \/><span style=\"color: #141823;\">Al Casal Victoria de S\u00f3ller, a les 14 hores: dinar popular, p<\/span><span style=\"color: #141823;\">er reservar podeu\u00a0<\/span><b style=\"color: #141823;\">trucar al\u00a0<a style=\"color: #1155cc;\" href=\"tel:661587445\" target=\"_blank\">661587445<\/a><\/b><span style=\"color: #141823;\">, teniu temps fins divendres dia 6 de febrer.<\/span><span style=\"color: #141823;\">\u00a0<\/span><\/div>\n<div><b><span style=\"color: #141823;\">AVIS: LA CONCENTRACI\u00d3 MENSUAL QUE FEM HABITUALMENT A LA PLA\u00c7A MAJOR DE PALMA, EN\u00a0<\/span><span style=\"color: #141823;\">AQUESTA OCASI\u00d3, LA FAREM A S\u00d3LLER.<\/span><\/b><\/div>\n<\/div>\n<div style=\"color: #222222;\"><span style=\"color: #141823;\">Facebook:\u00a0<\/span><span style=\"color: #141823; font-family: Helvetica, Arial, 'lucida grande', tahoma, verdana, arial, sans-serif;\"><a style=\"color: #1155cc;\" href=\"https:\/\/www.facebook.com\/events\/841986919177117\/\" target=\"_blank\">https:\/\/www.<wbr><\/wbr>facebook.com\/events\/<wbr><\/wbr>841986919177117\/<\/a><\/span><\/div>\n<div style=\"color: #222222;\">Vos esperam!<\/div>\n","protected":false},"excerpt":{"rendered":"<p>Vos informam de la pr\u00f2xima activitat organitzada per Mem\u00f2ria de Mallorca,\u00a0Assemblea Republicana, Col.lectiu Alba\u00efna i Unitat C\u00edvica per la Rep\u00fablica:\u00a0 &hellip; <a class=\"more-link\" href=\"https:\/\/memoriadelesilles.org\/wordpress\/2015\/01\/26\/ruta-de-la-vergonya-a-soller\/\">M\u00e9s<\/a><\/p>\n","protected":false},"author":1,"featured_media":0,"comment_status":"closed","ping_status":"closed","sticky":false,"template":"","format":"standard","meta":{"footnotes":""},"categories":[2,1],"tags":[],"class_list":["post-5934","post","type-post","status-publish","format-standard","hentry","category-noticies","category-uncategorized",""],"_links":{"self":[{"href":"https:\/\/memoriadelesilles.org\/wordpress\/wp-json\/wp\/v2\/posts\/5934","targetHints":{"allow":["GET"]}}],"collection":[{"href":"https:\/\/memoriadelesilles.org\/wordpress\/wp-json\/wp\/v2\/posts"}],"about":[{"href":"https:\/\/memoriadelesilles.org\/wordpress\/wp-json\/wp\/v2\/types\/post"}],"author":[{"embeddable":true,"href":"https:\/\/memoriadelesilles.org\/wordpress\/wp-json\/wp\/v2\/users\/1"}],"replies":[{"embeddable":true,"href":"https:\/\/memoriadelesilles.org\/wordpress\/wp-json\/wp\/v2\/comments?post=5934"}],"version-history":[{"count":0,"href":"https:\/\/memoriadelesilles.org\/wordpress\/wp-json\/wp\/v2\/posts\/5934\/revisions"}],"wp:attachment":[{"href":"https:\/\/memoriadelesilles.org\/wordpress\/wp-json\/wp\/v2\/media?parent=5934"}],"wp:term":[{"taxonomy":"category","embeddable":true,"href":"https:\/\/memoriadelesilles.org\/wordpress\/wp-json\/wp\/v2\/categories?post=5934"},{"taxonomy":"post_tag","embeddable":true,"href":"https:\/\/memoriadelesilles.org\/wordpress\/wp-json\/wp\/v2\/tags?post=5934"}],"curies":[{"name":"wp","href":"https:\/\/api.w.org\/{rel}","templated":true}]}}