{"id":5930,"date":"2015-01-26T14:06:57","date_gmt":"2015-01-26T14:06:57","guid":{"rendered":"http:\/\/www.memoriadelesilles.org\/wordpress\/?p=5930"},"modified":"2015-01-26T14:06:57","modified_gmt":"2015-01-26T14:06:57","slug":"5930","status":"publish","type":"post","link":"https:\/\/memoriadelesilles.org\/wordpress\/2015\/01\/26\/5930\/","title":{"rendered":"Presentaci\u00f3 del llibre &#8220;Joan Sanxo Tous (1905-1978) Vida i obra d&#8217;un ide\u00f2leg del nacionalisme d&#8217;esquerres"},"content":{"rendered":"<p>La fundaci\u00f3 Emili Darder, Can Alcover &#8211; Espai de Cultura i Lleonard Muntaner, Editor,\u00a0es complauen a convidar-vos a la presentaci\u00f3 del llibre<\/p>\n<p><strong>Joan Sanxo Tous (1905-1978)<\/strong><br \/>\nVida i obra d\u2019un ide\u00f2leg del nacionalisme d\u2019esquerres<\/p>\n<p>Original de JOSEP CORT\u00c8S I SERVERA<br \/>\nL&#8217;acte tendr\u00e0 lloc dimecres dia 28 de gener de 2015, a les 19.00 h\u00a0a Can Alcover (carrer de Sant Alonso, 24, de Palma)<\/p>\n<p>Hi intervendran: Mateu Morro i Marc\u00e8, historiador i prologuista del llibre; Antoni\u00a0Marimon, professor d\u2019hist\u00f2ria contempor\u00e0nia de la UIB; i Josep Cort\u00e8s i Servera, autor\u00a0del llibre. Moderar\u00e0 l\u2019acte l\u2019editor Lleonard Muntaner<\/p>\n<p><a href=\"http:\/\/www.memoriadelesilles.org\/wordpress\/wp-content\/uploads\/2015\/01\/Convit_Joansanxo_palmaok.pdf\">Convit_Joansanxo_palmaok<\/a><\/p>\n","protected":false},"excerpt":{"rendered":"<p>La fundaci\u00f3 Emili Darder, Can Alcover &#8211; Espai de Cultura i Lleonard Muntaner, Editor,\u00a0es complauen a convidar-vos a la presentaci\u00f3 &hellip; <a class=\"more-link\" href=\"https:\/\/memoriadelesilles.org\/wordpress\/2015\/01\/26\/5930\/\">M\u00e9s<\/a><\/p>\n","protected":false},"author":1,"featured_media":0,"comment_status":"closed","ping_status":"closed","sticky":false,"template":"","format":"standard","meta":{"footnotes":""},"categories":[2,1],"tags":[],"class_list":["post-5930","post","type-post","status-publish","format-standard","hentry","category-noticies","category-uncategorized",""],"_links":{"self":[{"href":"https:\/\/memoriadelesilles.org\/wordpress\/wp-json\/wp\/v2\/posts\/5930","targetHints":{"allow":["GET"]}}],"collection":[{"href":"https:\/\/memoriadelesilles.org\/wordpress\/wp-json\/wp\/v2\/posts"}],"about":[{"href":"https:\/\/memoriadelesilles.org\/wordpress\/wp-json\/wp\/v2\/types\/post"}],"author":[{"embeddable":true,"href":"https:\/\/memoriadelesilles.org\/wordpress\/wp-json\/wp\/v2\/users\/1"}],"replies":[{"embeddable":true,"href":"https:\/\/memoriadelesilles.org\/wordpress\/wp-json\/wp\/v2\/comments?post=5930"}],"version-history":[{"count":0,"href":"https:\/\/memoriadelesilles.org\/wordpress\/wp-json\/wp\/v2\/posts\/5930\/revisions"}],"wp:attachment":[{"href":"https:\/\/memoriadelesilles.org\/wordpress\/wp-json\/wp\/v2\/media?parent=5930"}],"wp:term":[{"taxonomy":"category","embeddable":true,"href":"https:\/\/memoriadelesilles.org\/wordpress\/wp-json\/wp\/v2\/categories?post=5930"},{"taxonomy":"post_tag","embeddable":true,"href":"https:\/\/memoriadelesilles.org\/wordpress\/wp-json\/wp\/v2\/tags?post=5930"}],"curies":[{"name":"wp","href":"https:\/\/api.w.org\/{rel}","templated":true}]}}