{"id":5921,"date":"2015-01-17T23:00:12","date_gmt":"2015-01-17T23:00:12","guid":{"rendered":"http:\/\/www.memoriadelesilles.org\/wordpress\/?p=5921"},"modified":"2015-01-17T23:00:12","modified_gmt":"2015-01-17T23:00:12","slug":"canvis-al-facebook-de-memoria-de-mallorca","status":"publish","type":"post","link":"https:\/\/memoriadelesilles.org\/wordpress\/2015\/01\/17\/canvis-al-facebook-de-memoria-de-mallorca\/","title":{"rendered":"Canvis al Facebook de Mem\u00f2ria de Mallorca"},"content":{"rendered":"<p><span style=\"color: #222222;\">Companyes i companys, vos informam que Facebook ens ha desactivat el nostre perfil. Segons la normativa actual una entitat, empresa, organitzaci\u00f3 o associaci\u00f3 no por utilitzar un perfil, sin\u00f3 una p\u00e0gina de Facebook amb una o m\u00e9s persones f\u00edsiques com a administradores, per aix\u00f2 ens hem adequat a la normativa i ja tenim nova p\u00e0gina de Facebook:\u00a0<\/span><\/p>\n<div style=\"color: #222222;\">\n<div><a style=\"color: #1155cc;\" href=\"https:\/\/www.facebook.com\/memoria.demallorca?fref=ts\" target=\"_blank\">https:\/\/www.facebook.com\/<wbr><\/wbr>memoria.demallorca?fref=ts<\/a><\/div>\n<\/div>\n<div style=\"color: #222222;\"><\/div>\n<div style=\"color: #222222;\">Si no rebeu les noticies, hi podeu entrar i, a trav\u00e9s del vostre perfil, a la foto de fons en vermell, a la dreta, clicar damunt la casella &#8220;m&#8217;agrada&#8221; i marcar &#8220;rebre notificacions&#8221;, despr\u00e9s heu de clicar a la casella del costat &#8220;+ seguir&#8221; fins que quedi marcat &#8220;ho segueixes&#8221;. Aix\u00ed rebreu els comunicats, actes, noticies, esdeveniments, etc\u00e8tera que hi publiquem.<\/div>\n","protected":false},"excerpt":{"rendered":"<p>Companyes i companys, vos informam que Facebook ens ha desactivat el nostre perfil. Segons la normativa actual una entitat, empresa, &hellip; <a class=\"more-link\" href=\"https:\/\/memoriadelesilles.org\/wordpress\/2015\/01\/17\/canvis-al-facebook-de-memoria-de-mallorca\/\">M\u00e9s<\/a><\/p>\n","protected":false},"author":1,"featured_media":0,"comment_status":"closed","ping_status":"closed","sticky":false,"template":"","format":"standard","meta":{"footnotes":""},"categories":[2,1],"tags":[],"class_list":["post-5921","post","type-post","status-publish","format-standard","hentry","category-noticies","category-uncategorized",""],"_links":{"self":[{"href":"https:\/\/memoriadelesilles.org\/wordpress\/wp-json\/wp\/v2\/posts\/5921","targetHints":{"allow":["GET"]}}],"collection":[{"href":"https:\/\/memoriadelesilles.org\/wordpress\/wp-json\/wp\/v2\/posts"}],"about":[{"href":"https:\/\/memoriadelesilles.org\/wordpress\/wp-json\/wp\/v2\/types\/post"}],"author":[{"embeddable":true,"href":"https:\/\/memoriadelesilles.org\/wordpress\/wp-json\/wp\/v2\/users\/1"}],"replies":[{"embeddable":true,"href":"https:\/\/memoriadelesilles.org\/wordpress\/wp-json\/wp\/v2\/comments?post=5921"}],"version-history":[{"count":0,"href":"https:\/\/memoriadelesilles.org\/wordpress\/wp-json\/wp\/v2\/posts\/5921\/revisions"}],"wp:attachment":[{"href":"https:\/\/memoriadelesilles.org\/wordpress\/wp-json\/wp\/v2\/media?parent=5921"}],"wp:term":[{"taxonomy":"category","embeddable":true,"href":"https:\/\/memoriadelesilles.org\/wordpress\/wp-json\/wp\/v2\/categories?post=5921"},{"taxonomy":"post_tag","embeddable":true,"href":"https:\/\/memoriadelesilles.org\/wordpress\/wp-json\/wp\/v2\/tags?post=5921"}],"curies":[{"name":"wp","href":"https:\/\/api.w.org\/{rel}","templated":true}]}}