{"id":5918,"date":"2015-01-17T22:59:16","date_gmt":"2015-01-17T22:59:16","guid":{"rendered":"http:\/\/www.memoriadelesilles.org\/wordpress\/?p=5918"},"modified":"2015-01-17T22:59:16","modified_gmt":"2015-01-17T22:59:16","slug":"presentacio-del-documental-la-huella-de-los-abuelos","status":"publish","type":"post","link":"https:\/\/memoriadelesilles.org\/wordpress\/2015\/01\/17\/presentacio-del-documental-la-huella-de-los-abuelos\/","title":{"rendered":"Presentaci\u00f3 del documental &#8220;La huella de los abuelos&#8221;"},"content":{"rendered":"<div style=\"color: #222222;\"><b>Divendres, 23 de gener, a les 18&#8217;30 hores, al Club Diari de Mallorca<\/b>, presentaci\u00f3 del documental\u00a0<b>&#8220;La huella de los abuelos<\/b>&#8221; .<\/div>\n<div style=\"color: #222222;\">Intervindran: Maria Ant\u00f2nia Oliver, de Mem\u00f2ria de Mallorca i Berta Cao, dinamitzadora de la mem\u00f2ria oral.<\/div>\n<div style=\"color: #222222;\"><a href=\"http:\/\/www.memoriadelesilles.org\/wordpress\/wp-content\/uploads\/2015\/01\/CLUB-DM-DOCUMENTAL.jpg\"><img loading=\"lazy\" decoding=\"async\" class=\"alignnone size-large wp-image-5919\" src=\"http:\/\/www.memoriadelesilles.org\/wordpress\/wp-content\/uploads\/2015\/01\/CLUB-DM-DOCUMENTAL-451x1024.jpg\" alt=\"CLUB DM DOCUMENTAL\" width=\"451\" height=\"1024\" \/><\/a>Presenta: Rafel Borr\u00e0s.<\/div>\n<div style=\"color: #222222;\">Organitza: Associaci\u00f3 Mem\u00f2ria de Mallorca, Ateneu Pere Mascar\u00f3 i Unitat C\u00edvica per la Rep\u00fablica.<\/div>\n<div style=\"color: #222222;\">Adjunt trobareu el cartell amb la informaci\u00f3 publicat al Diari de Mallorca<\/div>\n","protected":false},"excerpt":{"rendered":"<p>Divendres, 23 de gener, a les 18&#8217;30 hores, al Club Diari de Mallorca, presentaci\u00f3 del documental\u00a0&#8220;La huella de los abuelos&#8221; &hellip; <a class=\"more-link\" href=\"https:\/\/memoriadelesilles.org\/wordpress\/2015\/01\/17\/presentacio-del-documental-la-huella-de-los-abuelos\/\">M\u00e9s<\/a><\/p>\n","protected":false},"author":1,"featured_media":0,"comment_status":"closed","ping_status":"closed","sticky":false,"template":"","format":"standard","meta":{"footnotes":""},"categories":[2,1],"tags":[],"class_list":["post-5918","post","type-post","status-publish","format-standard","hentry","category-noticies","category-uncategorized",""],"_links":{"self":[{"href":"https:\/\/memoriadelesilles.org\/wordpress\/wp-json\/wp\/v2\/posts\/5918","targetHints":{"allow":["GET"]}}],"collection":[{"href":"https:\/\/memoriadelesilles.org\/wordpress\/wp-json\/wp\/v2\/posts"}],"about":[{"href":"https:\/\/memoriadelesilles.org\/wordpress\/wp-json\/wp\/v2\/types\/post"}],"author":[{"embeddable":true,"href":"https:\/\/memoriadelesilles.org\/wordpress\/wp-json\/wp\/v2\/users\/1"}],"replies":[{"embeddable":true,"href":"https:\/\/memoriadelesilles.org\/wordpress\/wp-json\/wp\/v2\/comments?post=5918"}],"version-history":[{"count":0,"href":"https:\/\/memoriadelesilles.org\/wordpress\/wp-json\/wp\/v2\/posts\/5918\/revisions"}],"wp:attachment":[{"href":"https:\/\/memoriadelesilles.org\/wordpress\/wp-json\/wp\/v2\/media?parent=5918"}],"wp:term":[{"taxonomy":"category","embeddable":true,"href":"https:\/\/memoriadelesilles.org\/wordpress\/wp-json\/wp\/v2\/categories?post=5918"},{"taxonomy":"post_tag","embeddable":true,"href":"https:\/\/memoriadelesilles.org\/wordpress\/wp-json\/wp\/v2\/tags?post=5918"}],"curies":[{"name":"wp","href":"https:\/\/api.w.org\/{rel}","templated":true}]}}