{"id":5916,"date":"2015-01-13T23:35:25","date_gmt":"2015-01-13T23:35:25","guid":{"rendered":"http:\/\/www.memoriadelesilles.org\/wordpress\/?p=5916"},"modified":"2015-01-13T23:35:25","modified_gmt":"2015-01-13T23:35:25","slug":"entrevistes-novembre-a-ona-mediterrania","status":"publish","type":"post","link":"https:\/\/memoriadelesilles.org\/wordpress\/2015\/01\/13\/entrevistes-novembre-a-ona-mediterrania\/","title":{"rendered":"Entrevistes novembre a Ona Mediterr\u00e0nia"},"content":{"rendered":"<p>Lloren\u00e7 Capell\u00e0, a partir 1&#8217;42:<\/p>\n<p>&nbsp;<\/p>\n<p><a href=\"http:\/\/www.ivoox.com\/tentol-14-11-04-dimarts-04-novembre-audios-mp3_rf_3696435_1.html#\">http:\/\/www.ivoox.com\/tentol-14-11-04-dimarts-04-novembre-audios-mp3_rf_3696435_1.html#<\/a><\/p>\n<p><span style=\"color: #222222;\">Companyes i companys, en aquests enlla\u00e7os trobareu els \u00e0udios de novembre\u00a02014 de les entrevistes que Ona Mediterr\u00e0nia dedica tots els dimarts a Mem\u00f2ria Hist\u00f2rica:\u00a0<\/span><\/p>\n<p>Jaume Mir\u00f3, a partir 1&#8217;34 :<\/p>\n<p><a href=\"http:\/\/www.ivoox.com\/tentol-14-11-18-dimarts-18-novembre-audios-mp3_rf_3751050_1.html\">http:\/\/www.ivoox.com\/tentol-14-11-18-dimarts-18-novembre-audios-mp3_rf_3751050_1.html<\/a><\/p>\n<p>Miquel Mascar\u00f3, a partir 1&#8217;23 :<\/p>\n<p><a href=\"http:\/\/www.ivoox.com\/tentol-14-11-11-dilluns-11-novembre-audios-mp3_rf_3724048_1.html\">http:\/\/www.ivoox.com\/tentol-14-11-11-dilluns-11-novembre-audios-mp3_rf_3724048_1.html<\/a><\/p>\n<p>Mar\u00e7al Isern, a partir 1&#8217;38 :<\/p>\n<p><a href=\"http:\/\/www.ivoox.com\/tentol-14-11-25-dimarts-25-novembre-audios-mp3_rf_3779215_1.html\">http:\/\/www.ivoox.com\/tentol-14-11-25-dimarts-25-novembre-audios-mp3_rf_3779215_1.html<\/a><\/p>\n","protected":false},"excerpt":{"rendered":"<p>Lloren\u00e7 Capell\u00e0, a partir 1&#8217;42: &nbsp; http:\/\/www.ivoox.com\/tentol-14-11-04-dimarts-04-novembre-audios-mp3_rf_3696435_1.html# Companyes i companys, en aquests enlla\u00e7os trobareu els \u00e0udios de novembre\u00a02014 de les &hellip; <a class=\"more-link\" href=\"https:\/\/memoriadelesilles.org\/wordpress\/2015\/01\/13\/entrevistes-novembre-a-ona-mediterrania\/\">M\u00e9s<\/a><\/p>\n","protected":false},"author":1,"featured_media":0,"comment_status":"closed","ping_status":"closed","sticky":false,"template":"","format":"standard","meta":{"footnotes":""},"categories":[2,1],"tags":[],"class_list":["post-5916","post","type-post","status-publish","format-standard","hentry","category-noticies","category-uncategorized",""],"_links":{"self":[{"href":"https:\/\/memoriadelesilles.org\/wordpress\/wp-json\/wp\/v2\/posts\/5916","targetHints":{"allow":["GET"]}}],"collection":[{"href":"https:\/\/memoriadelesilles.org\/wordpress\/wp-json\/wp\/v2\/posts"}],"about":[{"href":"https:\/\/memoriadelesilles.org\/wordpress\/wp-json\/wp\/v2\/types\/post"}],"author":[{"embeddable":true,"href":"https:\/\/memoriadelesilles.org\/wordpress\/wp-json\/wp\/v2\/users\/1"}],"replies":[{"embeddable":true,"href":"https:\/\/memoriadelesilles.org\/wordpress\/wp-json\/wp\/v2\/comments?post=5916"}],"version-history":[{"count":0,"href":"https:\/\/memoriadelesilles.org\/wordpress\/wp-json\/wp\/v2\/posts\/5916\/revisions"}],"wp:attachment":[{"href":"https:\/\/memoriadelesilles.org\/wordpress\/wp-json\/wp\/v2\/media?parent=5916"}],"wp:term":[{"taxonomy":"category","embeddable":true,"href":"https:\/\/memoriadelesilles.org\/wordpress\/wp-json\/wp\/v2\/categories?post=5916"},{"taxonomy":"post_tag","embeddable":true,"href":"https:\/\/memoriadelesilles.org\/wordpress\/wp-json\/wp\/v2\/tags?post=5916"}],"curies":[{"name":"wp","href":"https:\/\/api.w.org\/{rel}","templated":true}]}}