{"id":5913,"date":"2015-01-13T23:34:32","date_gmt":"2015-01-13T23:34:32","guid":{"rendered":"http:\/\/www.memoriadelesilles.org\/wordpress\/?p=5913"},"modified":"2015-01-13T23:34:32","modified_gmt":"2015-01-13T23:34:32","slug":"entrevistes-desembre-a-ona-mediterranea","status":"publish","type":"post","link":"https:\/\/memoriadelesilles.org\/wordpress\/2015\/01\/13\/entrevistes-desembre-a-ona-mediterranea\/","title":{"rendered":"Entrevistes desembre a Ona Mediterr\u00e0nia"},"content":{"rendered":"<p><span style=\"color: #222222;\">Companyes i companys, en aquests enlla\u00e7os trobareu els \u00e0udios de desembre 2014 de les entrevistes que Ona Mediterr\u00e0nia dedica tots els dimarts a Mem\u00f2ria Hist\u00f2rica:\u00a0<\/span><\/p>\n<div style=\"color: #222222;\"><\/div>\n<div style=\"color: #222222;\">\n<div>Ramon Lacomba Esteve, a partir 1&#8217;30:<\/div>\n<div><\/div>\n<div><a style=\"color: #1155cc;\" href=\"http:\/\/www.ivoox.com\/tentol-14-12-02-dimarts-02-desembre-audios-mp3_rf_3807458_1.html\" target=\"_blank\">http:\/\/www.ivoox.com\/tentol-<wbr><\/wbr>14-12-02-dimarts-02-desembre-<wbr><\/wbr>audios-mp3_rf_3807458_1.html<\/a><\/div>\n<div><\/div>\n<div>Biel Oliver, a partir de 1&#8217;46:<\/div>\n<div><\/div>\n<div><a style=\"color: #1155cc;\" href=\"http:\/\/www.ivoox.com\/tentol-14-12-09-dimarts-09-desembre-audios-mp3_rf_3834603_1.html\" target=\"_blank\">http:\/\/www.ivoox.com\/tentol-<wbr><\/wbr>14-12-09-dimarts-09-desembre-<wbr><\/wbr>audios-mp3_rf_3834603_1.html<\/a><\/div>\n<div><\/div>\n<div>Aurora Picornell, a partir de 1&#8217;44:<\/div>\n<div><\/div>\n<div><a style=\"color: #1155cc;\" href=\"http:\/\/www.ivoox.com\/141216-tentol-audios-mp3_rf_3863044_1.html\" target=\"_blank\">http:\/\/www.ivoox.com\/141216-<wbr><\/wbr>tentol-audios-mp3_rf_3863044_<wbr><\/wbr>1.html<\/a><\/div>\n<\/div>\n<div style=\"color: #222222;\"><\/div>\n<div style=\"color: #222222;\">Salut i Mem\u00f2ria<\/div>\n","protected":false},"excerpt":{"rendered":"<p>Companyes i companys, en aquests enlla\u00e7os trobareu els \u00e0udios de desembre 2014 de les entrevistes que Ona Mediterr\u00e0nia dedica tots &hellip; <a class=\"more-link\" href=\"https:\/\/memoriadelesilles.org\/wordpress\/2015\/01\/13\/entrevistes-desembre-a-ona-mediterranea\/\">M\u00e9s<\/a><\/p>\n","protected":false},"author":1,"featured_media":0,"comment_status":"closed","ping_status":"closed","sticky":false,"template":"","format":"standard","meta":{"footnotes":""},"categories":[2,1],"tags":[],"class_list":["post-5913","post","type-post","status-publish","format-standard","hentry","category-noticies","category-uncategorized",""],"_links":{"self":[{"href":"https:\/\/memoriadelesilles.org\/wordpress\/wp-json\/wp\/v2\/posts\/5913","targetHints":{"allow":["GET"]}}],"collection":[{"href":"https:\/\/memoriadelesilles.org\/wordpress\/wp-json\/wp\/v2\/posts"}],"about":[{"href":"https:\/\/memoriadelesilles.org\/wordpress\/wp-json\/wp\/v2\/types\/post"}],"author":[{"embeddable":true,"href":"https:\/\/memoriadelesilles.org\/wordpress\/wp-json\/wp\/v2\/users\/1"}],"replies":[{"embeddable":true,"href":"https:\/\/memoriadelesilles.org\/wordpress\/wp-json\/wp\/v2\/comments?post=5913"}],"version-history":[{"count":0,"href":"https:\/\/memoriadelesilles.org\/wordpress\/wp-json\/wp\/v2\/posts\/5913\/revisions"}],"wp:attachment":[{"href":"https:\/\/memoriadelesilles.org\/wordpress\/wp-json\/wp\/v2\/media?parent=5913"}],"wp:term":[{"taxonomy":"category","embeddable":true,"href":"https:\/\/memoriadelesilles.org\/wordpress\/wp-json\/wp\/v2\/categories?post=5913"},{"taxonomy":"post_tag","embeddable":true,"href":"https:\/\/memoriadelesilles.org\/wordpress\/wp-json\/wp\/v2\/tags?post=5913"}],"curies":[{"name":"wp","href":"https:\/\/api.w.org\/{rel}","templated":true}]}}