{"id":5909,"date":"2014-12-31T18:29:47","date_gmt":"2014-12-31T18:29:47","guid":{"rendered":"http:\/\/www.memoriadelesilles.org\/wordpress\/?p=5909"},"modified":"2014-12-31T18:29:47","modified_gmt":"2014-12-31T18:29:47","slug":"13a-concentracio-3-de-gener-veritatjusticia-i-reparacio","status":"publish","type":"post","link":"https:\/\/memoriadelesilles.org\/wordpress\/2014\/12\/31\/13a-concentracio-3-de-gener-veritatjusticia-i-reparacio\/","title":{"rendered":"13\u00aa Concentraci\u00f3: 3 de gener. VERITAT,JUST\u00cdCIA I REPARACI\u00d3!"},"content":{"rendered":"<div class=\"gmail_quote\" style=\"color: #222222;\"><span style=\"color: #141823;\">Amigues i amics , com cada primer dissabte de mes, el proper dia 3 de gener ens concentrarem a les 12h., a la Pla\u00e7a Major per exigir\u00a0VERITAT,JUST\u00cdCIA I REPARACI\u00d3!<\/span><\/div>\n<div class=\"gmail_quote\" style=\"color: #222222;\"><span style=\"color: #141823;\">Us hi esperam a totes i tots!<\/span><\/div>\n<div class=\"gmail_quote\" style=\"color: #222222;\"><\/div>\n<div class=\"gmail_quote\" style=\"color: #222222;\"><a href=\"http:\/\/www.memoriadelesilles.org\/wordpress\/wp-content\/uploads\/2014\/12\/Cartell-Concentracions-13.jpg\"><img loading=\"lazy\" decoding=\"async\" class=\"alignnone size-large wp-image-5910\" src=\"http:\/\/www.memoriadelesilles.org\/wordpress\/wp-content\/uploads\/2014\/12\/Cartell-Concentracions-13-723x1024.jpg\" alt=\"Cartell Concentracions 13\" width=\"584\" height=\"827\" \/><\/a><\/div>\n","protected":false},"excerpt":{"rendered":"<p>Amigues i amics , com cada primer dissabte de mes, el proper dia 3 de gener ens concentrarem a les &hellip; <a class=\"more-link\" href=\"https:\/\/memoriadelesilles.org\/wordpress\/2014\/12\/31\/13a-concentracio-3-de-gener-veritatjusticia-i-reparacio\/\">M\u00e9s<\/a><\/p>\n","protected":false},"author":1,"featured_media":0,"comment_status":"closed","ping_status":"closed","sticky":false,"template":"","format":"standard","meta":{"footnotes":""},"categories":[2,1],"tags":[],"class_list":["post-5909","post","type-post","status-publish","format-standard","hentry","category-noticies","category-uncategorized",""],"_links":{"self":[{"href":"https:\/\/memoriadelesilles.org\/wordpress\/wp-json\/wp\/v2\/posts\/5909","targetHints":{"allow":["GET"]}}],"collection":[{"href":"https:\/\/memoriadelesilles.org\/wordpress\/wp-json\/wp\/v2\/posts"}],"about":[{"href":"https:\/\/memoriadelesilles.org\/wordpress\/wp-json\/wp\/v2\/types\/post"}],"author":[{"embeddable":true,"href":"https:\/\/memoriadelesilles.org\/wordpress\/wp-json\/wp\/v2\/users\/1"}],"replies":[{"embeddable":true,"href":"https:\/\/memoriadelesilles.org\/wordpress\/wp-json\/wp\/v2\/comments?post=5909"}],"version-history":[{"count":0,"href":"https:\/\/memoriadelesilles.org\/wordpress\/wp-json\/wp\/v2\/posts\/5909\/revisions"}],"wp:attachment":[{"href":"https:\/\/memoriadelesilles.org\/wordpress\/wp-json\/wp\/v2\/media?parent=5909"}],"wp:term":[{"taxonomy":"category","embeddable":true,"href":"https:\/\/memoriadelesilles.org\/wordpress\/wp-json\/wp\/v2\/categories?post=5909"},{"taxonomy":"post_tag","embeddable":true,"href":"https:\/\/memoriadelesilles.org\/wordpress\/wp-json\/wp\/v2\/tags?post=5909"}],"curies":[{"name":"wp","href":"https:\/\/api.w.org\/{rel}","templated":true}]}}