{"id":5875,"date":"2014-12-11T14:50:04","date_gmt":"2014-12-11T14:50:04","guid":{"rendered":"http:\/\/www.memoriadelesilles.org\/wordpress\/?p=5875"},"modified":"2014-12-11T14:50:04","modified_gmt":"2014-12-11T14:50:04","slug":"en-suport-a-les-demandes-dels-treballadors-i-treballadores-de-larxiu-de-regne-de-mallorca","status":"publish","type":"post","link":"https:\/\/memoriadelesilles.org\/wordpress\/2014\/12\/11\/en-suport-a-les-demandes-dels-treballadors-i-treballadores-de-larxiu-de-regne-de-mallorca\/","title":{"rendered":"En suport a les demandes dels treballadors i treballadores de l&#8217;Arxiu de Regne de Mallorca"},"content":{"rendered":"<div class=\"gmail_quote\" style=\"color: #222222;\"><i>Bon dia companyes i companys, vos informam que la concentraci\u00f3 convocada pels treballadors i treballadores de l&#8217;Arxiu Regne de Mallorca, prevista per dem\u00e0, dijous, 18 de desembre, a la que Mem\u00f2ria de Mallorca donava suport, ha quedat suspesa. Finalment els responsables han signat les demandes dels sindicats i funcionaris. Enhorabona!!.<\/i><\/p>\n<div><i>Aqu\u00ed teniu el comunicat que ens han fet arribar:<br \/>\n<\/i><\/p>\n<div>\n<p lang=\"ca-ES\" align=\"JUSTIFY\"><em><span style=\"font-family: LegacySanITCBoo, serif;\">ARXIU DEL REGNE DE MALLORCA<\/span><\/em><\/p>\n<p lang=\"ca-ES\" align=\"JUSTIFY\"><em><span style=\"font-family: LegacySanITCBoo, serif;\">Les seccions sindicals de l\u2019STEI Intersindical i UGT, juntament amb els funcionaris de l\u2019Arxiu del Regne de Mallorca (ARM), desconvocam la concentraci\u00f3 de dia 18 de desembre a les 18.30 hores davant de l\u2019Arxiu del Regne de Mallorca.<\/span><\/em><\/p>\n<p lang=\"ca-ES\" align=\"JUSTIFY\"><em><span style=\"font-family: LegacySanITCBoo, serif;\">Els funcionaris hem arribat a uns acords amb la Direcci\u00f3 General d\u2019Educaci\u00f3 i Cultura que consisteixen en un augment substancial de la plantilla i dels recursos materials que permetr\u00e0 una major dedicaci\u00f3 a les tasques arxiv\u00edstiques i mantenir al mateix temps l\u2019atenci\u00f3 al p\u00fablic amb garanties de servei i qualitat.<\/span><\/em><\/p>\n<p lang=\"ca-ES\" align=\"JUSTIFY\"><em><span style=\"font-family: LegacySanITCBoo, serif;\">Volem fer pal\u00e8s el nostre agra\u00efment a tots els que ens han manifestat els seu suport: associacions, entitats culturals, Assemblea de Docents, a investigadors i particulars i als mitjans de comunicaci\u00f3 que n\u2019han fet ress\u00f2.<\/span><\/em><\/p>\n<p lang=\"ca-ES\" align=\"JUSTIFY\"><em><span style=\"font-family: LegacySanITCBoo, serif;\">Pels que tenguin previst assistir a l\u2019acte d\u2019inauguraci\u00f3 us volem dir que ho farem vestits de negre, en senyal de dol per la situaci\u00f3 de la cultura en general i en la nostra terra, en particular.<\/span><\/em><\/p>\n<p lang=\"ca-ES\" align=\"JUSTIFY\">\n<em>Palma, 16 de desembre de 2014.<\/em><\/p>\n<p lang=\"ca-ES\" align=\"JUSTIFY\">\n<\/div>\n<\/div>\n<\/div>\n<div class=\"gmail_quote\" style=\"color: #222222;\"><i>Mem\u00f2ria de Mallorca d\u00f3na suport a les reivindicacions dels treballadors i treballadores de l&#8217;Arxiu Regne de Mallorca, un arxiu molt important per la investigaci\u00f3 que cont\u00e9 importat documentaci\u00f3 envers la Recuperaci\u00f3 de la Mem\u00f2ria Hist\u00f2rica:\u00a0<\/i><\/div>\n<div class=\"gmail_quote\" style=\"color: #222222;\"><i><br \/>\n<\/i>\u00a0ARXIU DEL REGNE DE MALLORCA<br \/>\nMallorca, 10 de desembre de 2014.Els sindicats STEI-I i UGT han convocat una CONCENTRACI\u00d3 pel 18 de desembre a les 18:30h., dia de la inauguraci\u00f3, d&#8217;un edifici de 6.777&#8217;18 m2 per a 10 treballadors i el director del centre.<\/p>\n<p>Demanam<\/p>\n<p>&#8211; AUGMENT DE PLANTILLA. Som l&#8217;arxiu regional m\u00e9s mal dotat de tot l&#8217;Estat espanyol.<\/p>\n<p>&#8211; PLANIFICACI\u00d3 ARXIV\u00cdSTICA. Som un magatzem de documents.<\/p>\n<p>&#8211; MILLORA DE RECURSOS MATERIALS. No comptam amb eines \u00f2ptimes per poder fer feina i arribar al ciutad\u00e0.<\/p>\n<p>&#8211; RACIONALITZACI\u00d3 DE L&#8217;HORARI D&#8217;ATENCI\u00d3 AL P\u00daBLIC per una mitja de 223 usuaris anuals.<\/p>\n<p>&#8211; ESTALVI DE LES DESPESES DE L&#8217;EDIFICI.<\/p>\n<p>VINE DIA 18 A LES 18:30H., VESTIT DE NEGRE, A DONAR-NOS SUPORT&#8230;ES TORNA INAUGURAR UN ALTRE MACRO EDIFICI SENSE DOTACI\u00d3 NI HUMANA NI MATERIAL.<\/p>\n<\/div>\n","protected":false},"excerpt":{"rendered":"<p>Bon dia companyes i companys, vos informam que la concentraci\u00f3 convocada pels treballadors i treballadores de l&#8217;Arxiu Regne de Mallorca, &hellip; <a class=\"more-link\" href=\"https:\/\/memoriadelesilles.org\/wordpress\/2014\/12\/11\/en-suport-a-les-demandes-dels-treballadors-i-treballadores-de-larxiu-de-regne-de-mallorca\/\">M\u00e9s<\/a><\/p>\n","protected":false},"author":1,"featured_media":0,"comment_status":"closed","ping_status":"closed","sticky":false,"template":"","format":"standard","meta":{"footnotes":""},"categories":[2,1],"tags":[],"class_list":["post-5875","post","type-post","status-publish","format-standard","hentry","category-noticies","category-uncategorized",""],"_links":{"self":[{"href":"https:\/\/memoriadelesilles.org\/wordpress\/wp-json\/wp\/v2\/posts\/5875","targetHints":{"allow":["GET"]}}],"collection":[{"href":"https:\/\/memoriadelesilles.org\/wordpress\/wp-json\/wp\/v2\/posts"}],"about":[{"href":"https:\/\/memoriadelesilles.org\/wordpress\/wp-json\/wp\/v2\/types\/post"}],"author":[{"embeddable":true,"href":"https:\/\/memoriadelesilles.org\/wordpress\/wp-json\/wp\/v2\/users\/1"}],"replies":[{"embeddable":true,"href":"https:\/\/memoriadelesilles.org\/wordpress\/wp-json\/wp\/v2\/comments?post=5875"}],"version-history":[{"count":0,"href":"https:\/\/memoriadelesilles.org\/wordpress\/wp-json\/wp\/v2\/posts\/5875\/revisions"}],"wp:attachment":[{"href":"https:\/\/memoriadelesilles.org\/wordpress\/wp-json\/wp\/v2\/media?parent=5875"}],"wp:term":[{"taxonomy":"category","embeddable":true,"href":"https:\/\/memoriadelesilles.org\/wordpress\/wp-json\/wp\/v2\/categories?post=5875"},{"taxonomy":"post_tag","embeddable":true,"href":"https:\/\/memoriadelesilles.org\/wordpress\/wp-json\/wp\/v2\/tags?post=5875"}],"curies":[{"name":"wp","href":"https:\/\/api.w.org\/{rel}","templated":true}]}}