{"id":5849,"date":"2014-12-02T22:00:45","date_gmt":"2014-12-02T22:00:45","guid":{"rendered":"http:\/\/www.memoriadelesilles.org\/wordpress\/?p=5849"},"modified":"2014-12-02T22:00:45","modified_gmt":"2014-12-02T22:00:45","slug":"cineciutat-los-colonos-del-caudillo-amb-participacio-de-mdm","status":"publish","type":"post","link":"https:\/\/memoriadelesilles.org\/wordpress\/2014\/12\/02\/cineciutat-los-colonos-del-caudillo-amb-participacio-de-mdm\/","title":{"rendered":"Cineciutat: LOS COLONOS DEL CAUDILLO, amb participaci\u00f3 de MdM"},"content":{"rendered":"<p><span style=\"color: #222222;\">Companyes i companys,\u00a0<\/span><\/p>\n<div style=\"color: #222222;\">Dimecres, dia 10 de desembre, a les 20 hores a Cineciutat, es projectar\u00e0 el documental &#8220;Los Colonos del Caudillo&#8221;, dirigida i produ\u00efda per Luc\u00eda Palacios i Dietmar Post i narrada per Juan Diego Botto.<\/div>\n<div style=\"color: #222222;\"><\/div>\n<div style=\"color: #222222;\">A continuaci\u00f3 hi haur\u00e0 una taula redona a c\u00e0rrec de Nicol\u00e1s Moragues, doctor en hist\u00f2ria, Maria Ant\u00f2nia Oliver Paris, presidenta de Mem\u00f2ria de Mallorca, i Pedro de Eclave, documentalista i codirector de &#8220;Mem\u00f2ria i Oblit d&#8217;una Guerra&#8221;<\/div>\n<div style=\"color: #222222;\"><\/div>\n<div style=\"color: #222222;\">Vos hi esperam a tots i totes i vos pregam que doneu la m\u00e0xima difusi\u00f3 a l&#8217;acte.<\/div>\n<div style=\"color: #222222;\">Adjunt trobareu el cartell amb tota la informaci\u00f3.<\/div>\n<div style=\"color: #222222;\"><\/div>\n<div style=\"color: #222222;\">Salut i Mem\u00f2ria<\/div>\n<div style=\"color: #222222;\"><a href=\"http:\/\/www.memoriadelesilles.org\/wordpress\/wp-content\/uploads\/2014\/12\/Franco_Settlers.jpg\"><img loading=\"lazy\" decoding=\"async\" class=\"alignnone size-full wp-image-5850\" src=\"http:\/\/www.memoriadelesilles.org\/wordpress\/wp-content\/uploads\/2014\/12\/Franco_Settlers.jpg\" alt=\"Franco_Settlers\" width=\"647\" height=\"915\" \/><\/a><\/div>\n<div style=\"color: #222222;\"><\/div>\n","protected":false},"excerpt":{"rendered":"<p>Companyes i companys,\u00a0 Dimecres, dia 10 de desembre, a les 20 hores a Cineciutat, es projectar\u00e0 el documental &#8220;Los Colonos &hellip; <a class=\"more-link\" href=\"https:\/\/memoriadelesilles.org\/wordpress\/2014\/12\/02\/cineciutat-los-colonos-del-caudillo-amb-participacio-de-mdm\/\">M\u00e9s<\/a><\/p>\n","protected":false},"author":1,"featured_media":0,"comment_status":"closed","ping_status":"closed","sticky":false,"template":"","format":"standard","meta":{"footnotes":""},"categories":[2,1],"tags":[],"class_list":["post-5849","post","type-post","status-publish","format-standard","hentry","category-noticies","category-uncategorized",""],"_links":{"self":[{"href":"https:\/\/memoriadelesilles.org\/wordpress\/wp-json\/wp\/v2\/posts\/5849","targetHints":{"allow":["GET"]}}],"collection":[{"href":"https:\/\/memoriadelesilles.org\/wordpress\/wp-json\/wp\/v2\/posts"}],"about":[{"href":"https:\/\/memoriadelesilles.org\/wordpress\/wp-json\/wp\/v2\/types\/post"}],"author":[{"embeddable":true,"href":"https:\/\/memoriadelesilles.org\/wordpress\/wp-json\/wp\/v2\/users\/1"}],"replies":[{"embeddable":true,"href":"https:\/\/memoriadelesilles.org\/wordpress\/wp-json\/wp\/v2\/comments?post=5849"}],"version-history":[{"count":0,"href":"https:\/\/memoriadelesilles.org\/wordpress\/wp-json\/wp\/v2\/posts\/5849\/revisions"}],"wp:attachment":[{"href":"https:\/\/memoriadelesilles.org\/wordpress\/wp-json\/wp\/v2\/media?parent=5849"}],"wp:term":[{"taxonomy":"category","embeddable":true,"href":"https:\/\/memoriadelesilles.org\/wordpress\/wp-json\/wp\/v2\/categories?post=5849"},{"taxonomy":"post_tag","embeddable":true,"href":"https:\/\/memoriadelesilles.org\/wordpress\/wp-json\/wp\/v2\/tags?post=5849"}],"curies":[{"name":"wp","href":"https:\/\/api.w.org\/{rel}","templated":true}]}}