{"id":5846,"date":"2014-12-02T21:31:16","date_gmt":"2014-12-02T21:31:16","guid":{"rendered":"http:\/\/www.memoriadelesilles.org\/wordpress\/?p=5846"},"modified":"2014-12-02T21:31:16","modified_gmt":"2014-12-02T21:31:16","slug":"12a-concentracio-veritat-justicia-i-reparacio-dissabte-6-desembre","status":"publish","type":"post","link":"https:\/\/memoriadelesilles.org\/wordpress\/2014\/12\/02\/12a-concentracio-veritat-justicia-i-reparacio-dissabte-6-desembre\/","title":{"rendered":"12a Concentraci\u00f3: &#8220;Veritat, Just\u00edcia i Reparaci\u00f3&#8221;, dissabte 6 desembre"},"content":{"rendered":"<p><span style=\"color: #141823;\">Com cada primer dissabte mes, aquest proper dia 6 de desembre ens concentrarem a les 12h., a la Pla\u00e7a Major per exigir VERITAT,JUST\u00cdCIA I REPARACI\u00d3!<\/span><\/p>\n<p><a href=\"http:\/\/www.memoriadelesilles.org\/wordpress\/wp-content\/uploads\/2014\/12\/Cartell-Concentracions-12.jpg\"><img loading=\"lazy\" decoding=\"async\" class=\"alignnone size-large wp-image-5847\" src=\"http:\/\/www.memoriadelesilles.org\/wordpress\/wp-content\/uploads\/2014\/12\/Cartell-Concentracions-12-723x1024.jpg\" alt=\"Cartell Concentracions 12\" width=\"584\" height=\"827\" \/><\/a><\/p>\n","protected":false},"excerpt":{"rendered":"<p>Com cada primer dissabte mes, aquest proper dia 6 de desembre ens concentrarem a les 12h., a la Pla\u00e7a Major &hellip; <a class=\"more-link\" href=\"https:\/\/memoriadelesilles.org\/wordpress\/2014\/12\/02\/12a-concentracio-veritat-justicia-i-reparacio-dissabte-6-desembre\/\">M\u00e9s<\/a><\/p>\n","protected":false},"author":1,"featured_media":0,"comment_status":"closed","ping_status":"closed","sticky":false,"template":"","format":"standard","meta":{"footnotes":""},"categories":[2,1],"tags":[],"class_list":["post-5846","post","type-post","status-publish","format-standard","hentry","category-noticies","category-uncategorized",""],"_links":{"self":[{"href":"https:\/\/memoriadelesilles.org\/wordpress\/wp-json\/wp\/v2\/posts\/5846","targetHints":{"allow":["GET"]}}],"collection":[{"href":"https:\/\/memoriadelesilles.org\/wordpress\/wp-json\/wp\/v2\/posts"}],"about":[{"href":"https:\/\/memoriadelesilles.org\/wordpress\/wp-json\/wp\/v2\/types\/post"}],"author":[{"embeddable":true,"href":"https:\/\/memoriadelesilles.org\/wordpress\/wp-json\/wp\/v2\/users\/1"}],"replies":[{"embeddable":true,"href":"https:\/\/memoriadelesilles.org\/wordpress\/wp-json\/wp\/v2\/comments?post=5846"}],"version-history":[{"count":0,"href":"https:\/\/memoriadelesilles.org\/wordpress\/wp-json\/wp\/v2\/posts\/5846\/revisions"}],"wp:attachment":[{"href":"https:\/\/memoriadelesilles.org\/wordpress\/wp-json\/wp\/v2\/media?parent=5846"}],"wp:term":[{"taxonomy":"category","embeddable":true,"href":"https:\/\/memoriadelesilles.org\/wordpress\/wp-json\/wp\/v2\/categories?post=5846"},{"taxonomy":"post_tag","embeddable":true,"href":"https:\/\/memoriadelesilles.org\/wordpress\/wp-json\/wp\/v2\/tags?post=5846"}],"curies":[{"name":"wp","href":"https:\/\/api.w.org\/{rel}","templated":true}]}}