{"id":5842,"date":"2014-11-27T07:16:21","date_gmt":"2014-11-27T07:16:21","guid":{"rendered":"http:\/\/www.memoriadelesilles.org\/wordpress\/?p=5842"},"modified":"2014-11-27T07:16:21","modified_gmt":"2014-11-27T07:16:21","slug":"marxa-de-la-dignitat","status":"publish","type":"post","link":"https:\/\/memoriadelesilles.org\/wordpress\/2014\/11\/27\/marxa-de-la-dignitat\/","title":{"rendered":"Marxa de la Dignitat"},"content":{"rendered":"<div style=\"color: #222222;\">La pr\u00f2xima Marxa de la Dignitat tindr\u00e0 lloc el dissabte, 29 de novembre, a les 18 hores a la Pla\u00e7a de Cort<\/div>\n<p><a href=\"http:\/\/www.memoriadelesilles.org\/wordpress\/wp-content\/uploads\/2014\/11\/MARXES.jpg\"><img loading=\"lazy\" decoding=\"async\" class=\"alignnone size-full wp-image-5843\" src=\"http:\/\/www.memoriadelesilles.org\/wordpress\/wp-content\/uploads\/2014\/11\/MARXES.jpg\" alt=\"MARXES\" width=\"387\" height=\"547\" \/><\/a><\/p>\n","protected":false},"excerpt":{"rendered":"<p>La pr\u00f2xima Marxa de la Dignitat tindr\u00e0 lloc el dissabte, 29 de novembre, a les 18 hores a la Pla\u00e7a &hellip; <a class=\"more-link\" href=\"https:\/\/memoriadelesilles.org\/wordpress\/2014\/11\/27\/marxa-de-la-dignitat\/\">M\u00e9s<\/a><\/p>\n","protected":false},"author":1,"featured_media":0,"comment_status":"closed","ping_status":"closed","sticky":false,"template":"","format":"standard","meta":{"footnotes":""},"categories":[2,1],"tags":[],"class_list":["post-5842","post","type-post","status-publish","format-standard","hentry","category-noticies","category-uncategorized",""],"_links":{"self":[{"href":"https:\/\/memoriadelesilles.org\/wordpress\/wp-json\/wp\/v2\/posts\/5842","targetHints":{"allow":["GET"]}}],"collection":[{"href":"https:\/\/memoriadelesilles.org\/wordpress\/wp-json\/wp\/v2\/posts"}],"about":[{"href":"https:\/\/memoriadelesilles.org\/wordpress\/wp-json\/wp\/v2\/types\/post"}],"author":[{"embeddable":true,"href":"https:\/\/memoriadelesilles.org\/wordpress\/wp-json\/wp\/v2\/users\/1"}],"replies":[{"embeddable":true,"href":"https:\/\/memoriadelesilles.org\/wordpress\/wp-json\/wp\/v2\/comments?post=5842"}],"version-history":[{"count":0,"href":"https:\/\/memoriadelesilles.org\/wordpress\/wp-json\/wp\/v2\/posts\/5842\/revisions"}],"wp:attachment":[{"href":"https:\/\/memoriadelesilles.org\/wordpress\/wp-json\/wp\/v2\/media?parent=5842"}],"wp:term":[{"taxonomy":"category","embeddable":true,"href":"https:\/\/memoriadelesilles.org\/wordpress\/wp-json\/wp\/v2\/categories?post=5842"},{"taxonomy":"post_tag","embeddable":true,"href":"https:\/\/memoriadelesilles.org\/wordpress\/wp-json\/wp\/v2\/tags?post=5842"}],"curies":[{"name":"wp","href":"https:\/\/api.w.org\/{rel}","templated":true}]}}