{"id":5839,"date":"2014-11-25T22:46:24","date_gmt":"2014-11-25T22:46:24","guid":{"rendered":"http:\/\/www.memoriadelesilles.org\/wordpress\/?p=5839"},"modified":"2014-11-25T22:46:24","modified_gmt":"2014-11-25T22:46:24","slug":"presentacio-de-tras-las-barricadas-de-barcelona-i-dissidencies-pollenca-12-12-14","status":"publish","type":"post","link":"https:\/\/memoriadelesilles.org\/wordpress\/2014\/11\/25\/presentacio-de-tras-las-barricadas-de-barcelona-i-dissidencies-pollenca-12-12-14\/","title":{"rendered":"Presentaci\u00f3 de &#8220;Tras las barricadas de Barcelona&#8221; i &#8220;Dissid\u00e8ncies&#8221; [Pollen\u00e7a 12-12-14]"},"content":{"rendered":"<p style=\"color: #222222;\">Us convidam a la presentaci\u00f3 dels dos darrers llibres amb participaci\u00f3 del\u00a0<a style=\"color: #1155cc;\" href=\"http:\/\/elsoblidats.org\/\" target=\"_blank\" rel=\"nofollow\"><span style=\"color: #0066cc;\">Grup d\u2019Estudis Llibertaris els Oblidats<\/span><\/a>. La presentaci\u00f3 ser\u00e0 divendres dia\u00a0<strong>12 de desembre a les 20h a\u00a0Can Llobera<\/strong>\u00a0(pla\u00e7a Vella de Pollen\u00e7a).<\/p>\n<p style=\"color: #222222;\"><strong>Dissid\u00e8ncies. Hist\u00f2ria i Cultura Obrera a la Mallorca contempor\u00e0nea<\/strong>. Que hi podem trobar en aquest llibre? Tota una s\u00e8rie d\u2019articles sobre la hist\u00f2ria del moviment obrer i llibertari de Mallorca, agrupats en cap\u00edtols com Dones, feminismes i anarquismes; La Cultura, l\u2019Educaci\u00f3 i les Solidaritats llibert\u00e0ries; Revoltes, protestes i acci\u00f3 directa, L\u2019anarcosindicalisme i les seves practiques; Cultura pol\u00edtica i pr\u00e0ctiques ideol\u00f2giques. Uns cap\u00edtols que conten la hist\u00f2ria dels dissidents, la hist\u00f2ria robada, la que no surt als llibres, la d\u2019aquells homes i dones que s\u2019organitzaren, que lluitaren, que intentaren viure una vida millor i, sobretot, crear un futur millor. Unes hist\u00f2ries que foren recuperades a les p\u00e0gines del peri\u00f2dic\u00a0<a style=\"color: #1155cc;\" href=\"http:\/\/www.culturaobrera.org\/\" target=\"_blank\" rel=\"nofollow\"><span style=\"color: #0066cc;\">Cultura Obrera<\/span><\/a>\u00a0en la seva darrera \u00e8poca i que mereixien ser agrupades i posades a l\u2019abast de qui les vulgui llegir o rellegir.<\/p>\n<p style=\"color: #222222;\"><strong>Tras las barricadas de Barcelona<\/strong>, d\u2019Axel \u00d6sterberg.\u00a0L\u2019autor\u00a0(Vagnh\u00e4rad,\u00a01911\u00a0&#8211;\u00a0Estocolm, 1968) va ser\u00a0un escriptor,\u00a0periodista,\u00a0traductor i\u00a0agitador\u00a0d\u2019idees\u00a0anarcosindicalistes.\u00a0Per\u00a0atzar\u00a0es\u00a0trob\u00e0 a Barcelona\u00a0el 19 de juliol\u00a0de 1936 i\u00a0fou\u00a0testimoni\u00a0excepcional\u00a0de la resist\u00e8nciapopular contra\u00a0l\u2019al\u00e7ament\u00a0militar.\u00a0Tras las barricadas\u00a0de Barcelona\u00a0-Bakom\u00a0Barcelones\u00a0barrikader-\u00a0\u00e9s\u00a0un text\u00a0urgent\u00a0sobre la revoluci\u00f3llibert\u00e0ria\u00a0a Barcelona, que va ser escrit el 1936 i \u00e9s per primera vegada tradu\u00eft al castell\u00e0.\u00a0Es tracta d\u2019un reportatge m\u00e9s que\u00a0d\u2019una an\u00e0lisisobre els fets. \u00c9s\u00a0tamb\u00e9\u00a0propaganda. Propaganda\u00a0per a la causa\u00a0anarcosindicalista i la causa del poble\u00a0catal\u00e0.\u00a0Es\u00a0tracta\u00a0tamb\u00e9 deltestimoni\u00a0d\u2019una persona que creu que l\u2019anhelada revoluci\u00f3 social ha triomfat i que encara optimista la construcci\u00f3 de la nova societat del futur. Aquesta edici\u00f3 compr\u00e8n a m\u00e9s uns articles que Axel \u00d6sterberg va escriure per al diari Arbetaren i Storm, que\u00a0no s\u00f3n recollits en el llibre original.<\/p>\n<p><a href=\"http:\/\/www.memoriadelesilles.org\/wordpress\/wp-content\/uploads\/2014\/11\/Barricadas-Pollen\u00e7a5.jpg.jpg\"><img loading=\"lazy\" decoding=\"async\" class=\"alignnone size-large wp-image-5840\" src=\"http:\/\/www.memoriadelesilles.org\/wordpress\/wp-content\/uploads\/2014\/11\/Barricadas-Pollen\u00e7a5.jpg-723x1024.jpg\" alt=\"Barricadas Pollen\u00e7a5.jpg\" width=\"584\" height=\"827\" \/><\/a><\/p>\n","protected":false},"excerpt":{"rendered":"<p>Us convidam a la presentaci\u00f3 dels dos darrers llibres amb participaci\u00f3 del\u00a0Grup d\u2019Estudis Llibertaris els Oblidats. La presentaci\u00f3 ser\u00e0 divendres &hellip; <a class=\"more-link\" href=\"https:\/\/memoriadelesilles.org\/wordpress\/2014\/11\/25\/presentacio-de-tras-las-barricadas-de-barcelona-i-dissidencies-pollenca-12-12-14\/\">M\u00e9s<\/a><\/p>\n","protected":false},"author":1,"featured_media":0,"comment_status":"closed","ping_status":"closed","sticky":false,"template":"","format":"standard","meta":{"footnotes":""},"categories":[2,1],"tags":[],"class_list":["post-5839","post","type-post","status-publish","format-standard","hentry","category-noticies","category-uncategorized",""],"_links":{"self":[{"href":"https:\/\/memoriadelesilles.org\/wordpress\/wp-json\/wp\/v2\/posts\/5839","targetHints":{"allow":["GET"]}}],"collection":[{"href":"https:\/\/memoriadelesilles.org\/wordpress\/wp-json\/wp\/v2\/posts"}],"about":[{"href":"https:\/\/memoriadelesilles.org\/wordpress\/wp-json\/wp\/v2\/types\/post"}],"author":[{"embeddable":true,"href":"https:\/\/memoriadelesilles.org\/wordpress\/wp-json\/wp\/v2\/users\/1"}],"replies":[{"embeddable":true,"href":"https:\/\/memoriadelesilles.org\/wordpress\/wp-json\/wp\/v2\/comments?post=5839"}],"version-history":[{"count":0,"href":"https:\/\/memoriadelesilles.org\/wordpress\/wp-json\/wp\/v2\/posts\/5839\/revisions"}],"wp:attachment":[{"href":"https:\/\/memoriadelesilles.org\/wordpress\/wp-json\/wp\/v2\/media?parent=5839"}],"wp:term":[{"taxonomy":"category","embeddable":true,"href":"https:\/\/memoriadelesilles.org\/wordpress\/wp-json\/wp\/v2\/categories?post=5839"},{"taxonomy":"post_tag","embeddable":true,"href":"https:\/\/memoriadelesilles.org\/wordpress\/wp-json\/wp\/v2\/tags?post=5839"}],"curies":[{"name":"wp","href":"https:\/\/api.w.org\/{rel}","templated":true}]}}