{"id":5820,"date":"2014-11-19T08:58:12","date_gmt":"2014-11-19T08:58:12","guid":{"rendered":"http:\/\/www.memoriadelesilles.org\/wordpress\/?p=5820"},"modified":"2014-11-19T08:58:12","modified_gmt":"2014-11-19T08:58:12","slug":"manifestacio-pels-drets-de-les-victimes-del-franquisme","status":"publish","type":"post","link":"https:\/\/memoriadelesilles.org\/wordpress\/2014\/11\/19\/manifestacio-pels-drets-de-les-victimes-del-franquisme\/","title":{"rendered":"Manifestaci\u00f3 en homenatge a les v\u00edctimes del  franquisme."},"content":{"rendered":"<p><span style=\"color: #222222;\">Mallorca Antifeixista convoca a la manifestaci\u00f3\u00a0<\/span><span style=\"color: #222222;\">pels drets de les v\u00edctimes del franquisme<\/span><span style=\"color: #222222;\">, el dijous, 20 de novembre, a les 18 hores,\u00a0<\/span><span style=\"color: #222222;\">a la Pla\u00e7a d\u2019Espanya, \u00a0i a la xerrada, el divendres 21, amb membres de Mem\u00f2ria de Mallorca, tamb\u00e9 a les 18 hores, al local Ecoxarxa (Passatge Antoni Torrandell, 16 de Palma). En el cartell adjunt hi trobareu informaci\u00f3.<\/span><\/p>\n<p><a href=\"http:\/\/www.memoriadelesilles.org\/wordpress\/wp-content\/uploads\/2014\/11\/milicianes1.jpg\"><img loading=\"lazy\" decoding=\"async\" class=\"alignnone size-full wp-image-5821\" src=\"http:\/\/www.memoriadelesilles.org\/wordpress\/wp-content\/uploads\/2014\/11\/milicianes1.jpg\" alt=\"milicianes\" width=\"452\" height=\"640\" \/><\/a><\/p>\n","protected":false},"excerpt":{"rendered":"<p>Mallorca Antifeixista convoca a la manifestaci\u00f3\u00a0pels drets de les v\u00edctimes del franquisme, el dijous, 20 de novembre, a les 18 &hellip; <a class=\"more-link\" href=\"https:\/\/memoriadelesilles.org\/wordpress\/2014\/11\/19\/manifestacio-pels-drets-de-les-victimes-del-franquisme\/\">M\u00e9s<\/a><\/p>\n","protected":false},"author":1,"featured_media":0,"comment_status":"closed","ping_status":"closed","sticky":false,"template":"","format":"standard","meta":{"footnotes":""},"categories":[2,1],"tags":[],"class_list":["post-5820","post","type-post","status-publish","format-standard","hentry","category-noticies","category-uncategorized",""],"_links":{"self":[{"href":"https:\/\/memoriadelesilles.org\/wordpress\/wp-json\/wp\/v2\/posts\/5820","targetHints":{"allow":["GET"]}}],"collection":[{"href":"https:\/\/memoriadelesilles.org\/wordpress\/wp-json\/wp\/v2\/posts"}],"about":[{"href":"https:\/\/memoriadelesilles.org\/wordpress\/wp-json\/wp\/v2\/types\/post"}],"author":[{"embeddable":true,"href":"https:\/\/memoriadelesilles.org\/wordpress\/wp-json\/wp\/v2\/users\/1"}],"replies":[{"embeddable":true,"href":"https:\/\/memoriadelesilles.org\/wordpress\/wp-json\/wp\/v2\/comments?post=5820"}],"version-history":[{"count":0,"href":"https:\/\/memoriadelesilles.org\/wordpress\/wp-json\/wp\/v2\/posts\/5820\/revisions"}],"wp:attachment":[{"href":"https:\/\/memoriadelesilles.org\/wordpress\/wp-json\/wp\/v2\/media?parent=5820"}],"wp:term":[{"taxonomy":"category","embeddable":true,"href":"https:\/\/memoriadelesilles.org\/wordpress\/wp-json\/wp\/v2\/categories?post=5820"},{"taxonomy":"post_tag","embeddable":true,"href":"https:\/\/memoriadelesilles.org\/wordpress\/wp-json\/wp\/v2\/tags?post=5820"}],"curies":[{"name":"wp","href":"https:\/\/api.w.org\/{rel}","templated":true}]}}