{"id":5817,"date":"2014-11-19T08:56:36","date_gmt":"2014-11-19T08:56:36","guid":{"rendered":"http:\/\/www.memoriadelesilles.org\/wordpress\/?p=5817"},"modified":"2014-11-19T08:56:36","modified_gmt":"2014-11-19T08:56:36","slug":"10a-jornades-de-memoria-historica-dalaro","status":"publish","type":"post","link":"https:\/\/memoriadelesilles.org\/wordpress\/2014\/11\/19\/10a-jornades-de-memoria-historica-dalaro\/","title":{"rendered":"10a Jornades de Mem\u00f2ria Hist\u00f2rica D&#8217;Alar\u00f3"},"content":{"rendered":"<p><span style=\"color: #222222;\">El grup d&#8217;Alar\u00f3 per a la Recuperaci\u00f3 de la Mem\u00f2ria Hist\u00f2rica, ens envia els actes programats dins les 10a jornades de Mem\u00f2ria Hist\u00f2rica d&#8217;Alar\u00f3. Trobareu tota la informaci\u00f3 en el cartell adjunt.\u00a0<\/span><\/p>\n<p><a href=\"http:\/\/www.memoriadelesilles.org\/wordpress\/wp-content\/uploads\/2014\/11\/Mem\u00f2ria-Alar\u00f3.jpg\"><img loading=\"lazy\" decoding=\"async\" class=\"alignnone size-full wp-image-5818\" src=\"http:\/\/www.memoriadelesilles.org\/wordpress\/wp-content\/uploads\/2014\/11\/Mem\u00f2ria-Alar\u00f3.jpg\" alt=\"Mem\u00f2ria Alar\u00f3\" width=\"724\" height=\"1024\" \/><\/a><\/p>\n","protected":false},"excerpt":{"rendered":"<p>El grup d&#8217;Alar\u00f3 per a la Recuperaci\u00f3 de la Mem\u00f2ria Hist\u00f2rica, ens envia els actes programats dins les 10a jornades &hellip; <a class=\"more-link\" href=\"https:\/\/memoriadelesilles.org\/wordpress\/2014\/11\/19\/10a-jornades-de-memoria-historica-dalaro\/\">M\u00e9s<\/a><\/p>\n","protected":false},"author":1,"featured_media":0,"comment_status":"closed","ping_status":"closed","sticky":false,"template":"","format":"standard","meta":{"footnotes":""},"categories":[2,1],"tags":[],"class_list":["post-5817","post","type-post","status-publish","format-standard","hentry","category-noticies","category-uncategorized",""],"_links":{"self":[{"href":"https:\/\/memoriadelesilles.org\/wordpress\/wp-json\/wp\/v2\/posts\/5817","targetHints":{"allow":["GET"]}}],"collection":[{"href":"https:\/\/memoriadelesilles.org\/wordpress\/wp-json\/wp\/v2\/posts"}],"about":[{"href":"https:\/\/memoriadelesilles.org\/wordpress\/wp-json\/wp\/v2\/types\/post"}],"author":[{"embeddable":true,"href":"https:\/\/memoriadelesilles.org\/wordpress\/wp-json\/wp\/v2\/users\/1"}],"replies":[{"embeddable":true,"href":"https:\/\/memoriadelesilles.org\/wordpress\/wp-json\/wp\/v2\/comments?post=5817"}],"version-history":[{"count":0,"href":"https:\/\/memoriadelesilles.org\/wordpress\/wp-json\/wp\/v2\/posts\/5817\/revisions"}],"wp:attachment":[{"href":"https:\/\/memoriadelesilles.org\/wordpress\/wp-json\/wp\/v2\/media?parent=5817"}],"wp:term":[{"taxonomy":"category","embeddable":true,"href":"https:\/\/memoriadelesilles.org\/wordpress\/wp-json\/wp\/v2\/categories?post=5817"},{"taxonomy":"post_tag","embeddable":true,"href":"https:\/\/memoriadelesilles.org\/wordpress\/wp-json\/wp\/v2\/tags?post=5817"}],"curies":[{"name":"wp","href":"https:\/\/api.w.org\/{rel}","templated":true}]}}