{"id":5808,"date":"2014-11-14T23:17:29","date_gmt":"2014-11-14T23:17:29","guid":{"rendered":"http:\/\/www.memoriadelesilles.org\/wordpress\/?p=5808"},"modified":"2014-11-14T23:17:29","modified_gmt":"2014-11-14T23:17:29","slug":"manifestacio-en-homenatge-a-totes-les-victimes-del-feixisme-i-xerrada","status":"publish","type":"post","link":"https:\/\/memoriadelesilles.org\/wordpress\/2014\/11\/14\/manifestacio-en-homenatge-a-totes-les-victimes-del-feixisme-i-xerrada\/","title":{"rendered":"Manifestaci\u00f3 en homenatge a totes les v\u00edctimes del feixisme i xerrada"},"content":{"rendered":"<p><span style=\"color: #222222;\">Manifestaci\u00f3 convocada per Mallorca Antifeixista, el pr\u00f2xim dia 20 de novembre, a les 18 hores a la Pla\u00e7a d&#8217;Espanya en homenatge a totes les v\u00edctimes del feixisme i de la xerrada de Mem\u00f2ria de Mallorca el dia 21, tamb\u00e9 a les 18 hores, al local Ecoxarxa (Passatge Antoni Torrandell, 16 de Palma). En el seg\u00fcent cartell hi trobareu m\u00e9s informaci\u00f3.<\/span><\/p>\n<p><a href=\"http:\/\/www.memoriadelesilles.org\/wordpress\/wp-content\/uploads\/2014\/11\/milicianes.jpg\"><img loading=\"lazy\" decoding=\"async\" class=\"alignnone size-full wp-image-5809\" src=\"http:\/\/www.memoriadelesilles.org\/wordpress\/wp-content\/uploads\/2014\/11\/milicianes.jpg\" alt=\"milicianes\" width=\"452\" height=\"640\" \/><\/a><\/p>\n","protected":false},"excerpt":{"rendered":"<p>Manifestaci\u00f3 convocada per Mallorca Antifeixista, el pr\u00f2xim dia 20 de novembre, a les 18 hores a la Pla\u00e7a d&#8217;Espanya en &hellip; <a class=\"more-link\" href=\"https:\/\/memoriadelesilles.org\/wordpress\/2014\/11\/14\/manifestacio-en-homenatge-a-totes-les-victimes-del-feixisme-i-xerrada\/\">M\u00e9s<\/a><\/p>\n","protected":false},"author":1,"featured_media":0,"comment_status":"closed","ping_status":"closed","sticky":false,"template":"","format":"standard","meta":{"footnotes":""},"categories":[2,1],"tags":[],"class_list":["post-5808","post","type-post","status-publish","format-standard","hentry","category-noticies","category-uncategorized",""],"_links":{"self":[{"href":"https:\/\/memoriadelesilles.org\/wordpress\/wp-json\/wp\/v2\/posts\/5808","targetHints":{"allow":["GET"]}}],"collection":[{"href":"https:\/\/memoriadelesilles.org\/wordpress\/wp-json\/wp\/v2\/posts"}],"about":[{"href":"https:\/\/memoriadelesilles.org\/wordpress\/wp-json\/wp\/v2\/types\/post"}],"author":[{"embeddable":true,"href":"https:\/\/memoriadelesilles.org\/wordpress\/wp-json\/wp\/v2\/users\/1"}],"replies":[{"embeddable":true,"href":"https:\/\/memoriadelesilles.org\/wordpress\/wp-json\/wp\/v2\/comments?post=5808"}],"version-history":[{"count":0,"href":"https:\/\/memoriadelesilles.org\/wordpress\/wp-json\/wp\/v2\/posts\/5808\/revisions"}],"wp:attachment":[{"href":"https:\/\/memoriadelesilles.org\/wordpress\/wp-json\/wp\/v2\/media?parent=5808"}],"wp:term":[{"taxonomy":"category","embeddable":true,"href":"https:\/\/memoriadelesilles.org\/wordpress\/wp-json\/wp\/v2\/categories?post=5808"},{"taxonomy":"post_tag","embeddable":true,"href":"https:\/\/memoriadelesilles.org\/wordpress\/wp-json\/wp\/v2\/tags?post=5808"}],"curies":[{"name":"wp","href":"https:\/\/api.w.org\/{rel}","templated":true}]}}