{"id":5806,"date":"2014-11-14T23:13:12","date_gmt":"2014-11-14T23:13:12","guid":{"rendered":"http:\/\/www.memoriadelesilles.org\/wordpress\/?p=5806"},"modified":"2014-11-14T23:13:12","modified_gmt":"2014-11-14T23:13:12","slug":"llibre-homes-del-bosc-una-historia-dels-maquis","status":"publish","type":"post","link":"https:\/\/memoriadelesilles.org\/wordpress\/2014\/11\/14\/llibre-homes-del-bosc-una-historia-dels-maquis\/","title":{"rendered":"Llibre &#8220;Homes del Bosc: Una hist\u00f2ria dels maquis&#8221;"},"content":{"rendered":"<p>Autor: Francisco Collado Cerver\u00f3<\/p>\n<p>L\u2019autor va estudiar Hist\u00f2ria per\u00f2 treballa com a bibliotecari des de fa un fum d\u2019anys. Ha publicat un llibre sobre la hist\u00f2ria del Moviment Okupa a la ciutat de Val\u00e8ncia i un altre sobre el poble sahrau\u00ed. Vinculat a diferents col\u00b7lectius i moviments socials de Val\u00e8ncia, un dels seus motius per presentar aquesta nova publicaci\u00f3 sobre els Maquis \u00e9s mostrar als m\u00e9s joves una part quasi sempre amagada de la nostra hist\u00f2ria m\u00e9s recent i d&#8217;unes persones que lluitaren fins el seu \u00faltim al\u00e8 cercant la llibertat.<br \/>\n&#8220;HOMES DEL BOSC: una historia dels maquis&#8221;, \u00e9s un text que, amb un llenguatge assequible i entenedor, barreja el relat juvenil, la divulgaci\u00f3 hist\u00f2rica i el g\u00e8nere epistolar. En ell, els m\u00e9s menuts d\u2019una fam\u00edlia descobriran, a partir d\u2019unes cartes amagades, el recorregut vital d\u2019un guerriller i coneixeran perqu\u00e8 va esclatar la Guerra Civil, com es va desencadenar una dur\u00edssima repressi\u00f3 per part de la dictadura i com front a aix\u00f2, milers de persones resistiren i la combateren durant anys. Aquest llibre intenta que la hist\u00f2ria i la mem\u00f2ria d\u2019aquestes persones arribe als m\u00e9s joves.<br \/>\nA banda del llibre, N\u00faria Mestre Marcotegui, mestra de professi\u00f3, ha redactat una Proposta Did\u00e0ctica amb un ample ventall d\u2019activitats per a fer a les aules.<br \/>\nAquest llibre s\u2019ha fet amb micromecenatge, a trav\u00e9s de la plataforma Verkami.<\/p>\n<p>Tant el llibre (10 euros) com la Proposta Did\u00e0ctica (5 euros) poden aconseguir-se a la Llibreria Leolo, c\/ T\u00faria, 50, de Val\u00e8ncia<br \/>\no contactant amb l\u2019autor a trav\u00e9s del correu fcollado@bib.upv.es o de les seg\u00fcents webs:<br \/>\nBlog del llibre: http:\/\/homedelbosc.wordpress.com\/<br \/>\nFacebook: https:\/\/www.facebook.com\/home.delbosc.1<\/p>\n","protected":false},"excerpt":{"rendered":"<p>Autor: Francisco Collado Cerver\u00f3 L\u2019autor va estudiar Hist\u00f2ria per\u00f2 treballa com a bibliotecari des de fa un fum d\u2019anys. Ha &hellip; <a class=\"more-link\" href=\"https:\/\/memoriadelesilles.org\/wordpress\/2014\/11\/14\/llibre-homes-del-bosc-una-historia-dels-maquis\/\">M\u00e9s<\/a><\/p>\n","protected":false},"author":1,"featured_media":0,"comment_status":"closed","ping_status":"closed","sticky":false,"template":"","format":"standard","meta":{"footnotes":""},"categories":[2,1],"tags":[],"class_list":["post-5806","post","type-post","status-publish","format-standard","hentry","category-noticies","category-uncategorized",""],"_links":{"self":[{"href":"https:\/\/memoriadelesilles.org\/wordpress\/wp-json\/wp\/v2\/posts\/5806","targetHints":{"allow":["GET"]}}],"collection":[{"href":"https:\/\/memoriadelesilles.org\/wordpress\/wp-json\/wp\/v2\/posts"}],"about":[{"href":"https:\/\/memoriadelesilles.org\/wordpress\/wp-json\/wp\/v2\/types\/post"}],"author":[{"embeddable":true,"href":"https:\/\/memoriadelesilles.org\/wordpress\/wp-json\/wp\/v2\/users\/1"}],"replies":[{"embeddable":true,"href":"https:\/\/memoriadelesilles.org\/wordpress\/wp-json\/wp\/v2\/comments?post=5806"}],"version-history":[{"count":0,"href":"https:\/\/memoriadelesilles.org\/wordpress\/wp-json\/wp\/v2\/posts\/5806\/revisions"}],"wp:attachment":[{"href":"https:\/\/memoriadelesilles.org\/wordpress\/wp-json\/wp\/v2\/media?parent=5806"}],"wp:term":[{"taxonomy":"category","embeddable":true,"href":"https:\/\/memoriadelesilles.org\/wordpress\/wp-json\/wp\/v2\/categories?post=5806"},{"taxonomy":"post_tag","embeddable":true,"href":"https:\/\/memoriadelesilles.org\/wordpress\/wp-json\/wp\/v2\/tags?post=5806"}],"curies":[{"name":"wp","href":"https:\/\/api.w.org\/{rel}","templated":true}]}}