{"id":5794,"date":"2014-11-09T18:35:44","date_gmt":"2014-11-09T18:35:44","guid":{"rendered":"http:\/\/www.memoriadelesilles.org\/wordpress\/?p=5794"},"modified":"2014-11-09T18:35:44","modified_gmt":"2014-11-09T18:35:44","slug":"audios-dentrevistes-a-memoria-historia-a-ona-mediterrania","status":"publish","type":"post","link":"https:\/\/memoriadelesilles.org\/wordpress\/2014\/11\/09\/audios-dentrevistes-a-memoria-historia-a-ona-mediterrania\/","title":{"rendered":"\u00c0udios d&#8217;entrevistes a Mem\u00f2ria Hist\u00f2ria a Ona Mediterr\u00e0nia"},"content":{"rendered":"<div style=\"color: #222222;\">Companyes i companys, vos passam als enlla\u00e7os als \u00e0udios de Ona Mediterr\u00e0nia amb les entrevistes que tots els dimarts realitza a testimonis de la Mem\u00f2ria Hist\u00f2rica a Mallorca:<\/div>\n<div style=\"color: #222222;\"><\/div>\n<div style=\"color: #222222;\">1) \u00a0Magdalena Nebot, 07-10, a partir 1&#8217;22 :<\/div>\n<div style=\"color: #222222;\"><a style=\"color: #1155cc;\" href=\"http:\/\/www.ivoox.com\/tentol-14-10-06-dimarts-07-octubre-audios-mp3_rf_3580349_1.html\" target=\"_blank\">http:\/\/www.ivoox.com\/tentol-<wbr><\/wbr>14-10-06-dimarts-07-octubre-<wbr><\/wbr>audios-mp3_rf_3580349_1.html<\/a><\/div>\n<div style=\"color: #222222;\"><\/div>\n<div style=\"color: #222222;\"><\/div>\n<div style=\"color: #222222;\">2) Eberhard Grosske, 14-10, a partir 1&#8217;37 :<\/div>\n<div style=\"color: #222222;\">\u00a0<a style=\"color: #1155cc;\" href=\"http:\/\/www.ivoox.com\/tentol-14-10-14-dimarts-14-octubre-audios-mp3_rf_3606376_1.html\" target=\"_blank\">http:\/\/www.ivoox.com\/tentol-<wbr><\/wbr>14-10-14-dimarts-14-octubre-<wbr><\/wbr>audios-mp3_rf_3606376_1.html<\/a><\/div>\n<div style=\"color: #222222;\">\n<div><\/div>\n<div>3) Maria Cunill, 21-10, a partir 1&#8217;26:<\/div>\n<div><a style=\"color: #1155cc;\" href=\"http:\/\/www.ivoox.com\/tentol-14-10-28-dimarts-28-octubre-audios-mp3_rf_3665054_1.html\" target=\"_blank\">http:\/\/www.ivoox.com\/tentol-<wbr><\/wbr>14-10-28-dimarts-28-octubre-<wbr><\/wbr>audios-mp3_rf_3665054_1.html<\/a><\/div>\n<div><\/div>\n<div><\/div>\n<div>4) Joana Mora, 28-10, a partir 1&#8217;21 :<\/div>\n<div><a style=\"color: #1155cc;\" href=\"http:\/\/www.ivoox.com\/tentol-14-10-28-dimarts-28-octubre-audios-mp3_rf_3665054_1.html\" target=\"_blank\">http:\/\/www.ivoox.com\/tentol-<wbr><\/wbr>14-10-28-dimarts-28-octubre-<wbr><\/wbr>audios-mp3_rf_3665054_1.html<\/a><\/div>\n<div><\/div>\n<div><\/div>\n<div>5) Lloren\u00e7 Capell\u00e0, 04-11, a partir 1&#8217;42 :<\/div>\n<div><\/div>\n<div><a style=\"color: #1155cc;\" href=\"http:\/\/www.ivoox.com\/tentol-14-11-04-dimarts-04-novembre-audios-mp3_rf_3696435_1.html\" target=\"_blank\">http:\/\/www.ivoox.com\/tentol-<wbr><\/wbr>14-11-04-dimarts-04-novembre-<wbr><\/wbr>audios-mp3_rf_3696435_1.html<\/a><\/div>\n<\/div>\n","protected":false},"excerpt":{"rendered":"<p>Companyes i companys, vos passam als enlla\u00e7os als \u00e0udios de Ona Mediterr\u00e0nia amb les entrevistes que tots els dimarts realitza &hellip; <a class=\"more-link\" href=\"https:\/\/memoriadelesilles.org\/wordpress\/2014\/11\/09\/audios-dentrevistes-a-memoria-historia-a-ona-mediterrania\/\">M\u00e9s<\/a><\/p>\n","protected":false},"author":1,"featured_media":0,"comment_status":"closed","ping_status":"closed","sticky":false,"template":"","format":"standard","meta":{"footnotes":""},"categories":[2,1],"tags":[],"class_list":["post-5794","post","type-post","status-publish","format-standard","hentry","category-noticies","category-uncategorized",""],"_links":{"self":[{"href":"https:\/\/memoriadelesilles.org\/wordpress\/wp-json\/wp\/v2\/posts\/5794","targetHints":{"allow":["GET"]}}],"collection":[{"href":"https:\/\/memoriadelesilles.org\/wordpress\/wp-json\/wp\/v2\/posts"}],"about":[{"href":"https:\/\/memoriadelesilles.org\/wordpress\/wp-json\/wp\/v2\/types\/post"}],"author":[{"embeddable":true,"href":"https:\/\/memoriadelesilles.org\/wordpress\/wp-json\/wp\/v2\/users\/1"}],"replies":[{"embeddable":true,"href":"https:\/\/memoriadelesilles.org\/wordpress\/wp-json\/wp\/v2\/comments?post=5794"}],"version-history":[{"count":0,"href":"https:\/\/memoriadelesilles.org\/wordpress\/wp-json\/wp\/v2\/posts\/5794\/revisions"}],"wp:attachment":[{"href":"https:\/\/memoriadelesilles.org\/wordpress\/wp-json\/wp\/v2\/media?parent=5794"}],"wp:term":[{"taxonomy":"category","embeddable":true,"href":"https:\/\/memoriadelesilles.org\/wordpress\/wp-json\/wp\/v2\/categories?post=5794"},{"taxonomy":"post_tag","embeddable":true,"href":"https:\/\/memoriadelesilles.org\/wordpress\/wp-json\/wp\/v2\/tags?post=5794"}],"curies":[{"name":"wp","href":"https:\/\/api.w.org\/{rel}","templated":true}]}}