{"id":5791,"date":"2014-11-06T08:56:38","date_gmt":"2014-11-06T08:56:38","guid":{"rendered":"http:\/\/www.memoriadelesilles.org\/wordpress\/?p=5791"},"modified":"2014-11-06T08:56:38","modified_gmt":"2014-11-06T08:56:38","slug":"teatre-a-calvia-dels-llargs-camins-de-jaume-miro","status":"publish","type":"post","link":"https:\/\/memoriadelesilles.org\/wordpress\/2014\/11\/06\/teatre-a-calvia-dels-llargs-camins-de-jaume-miro\/","title":{"rendered":"Teatre a Calvi\u00e0. &#8220;Dels llargs camins&#8221; de Jaume Mir\u00f3"},"content":{"rendered":"<div class=\"gmail_quote\" style=\"color: #222222;\">Companyes i companys, vos informam que el pr\u00f2xim dia 9 de novembre, a les 19&#8217;30 hores, al Teatre &#8220;Sa Societat&#8221; de Calvi\u00e0, es presentar\u00e0 l&#8217;obra de teatre &#8220;Dels llargs camins&#8221; de Jaume Mir\u00f3, amb la direcci\u00f3 de Joan Maria Albinyala i m\u00fasica de Marcel Cranc.<\/div>\n<div class=\"gmail_quote\" style=\"color: #222222;\">En el cartell adjunt trobareu tota la informaci\u00f3.<\/div>\n<div class=\"gmail_quote\" style=\"color: #222222;\"><\/div>\n<div class=\"gmail_quote\" style=\"color: #222222;\"><a href=\"http:\/\/www.memoriadelesilles.org\/wordpress\/wp-content\/uploads\/2014\/11\/IMG-20141105-WA0001.jpg\"><img loading=\"lazy\" decoding=\"async\" class=\"alignnone size-full wp-image-5792\" src=\"http:\/\/www.memoriadelesilles.org\/wordpress\/wp-content\/uploads\/2014\/11\/IMG-20141105-WA0001.jpg\" alt=\"IMG-20141105-WA0001\" width=\"626\" height=\"527\" \/><\/a><\/div>\n","protected":false},"excerpt":{"rendered":"<p>Companyes i companys, vos informam que el pr\u00f2xim dia 9 de novembre, a les 19&#8217;30 hores, al Teatre &#8220;Sa Societat&#8221; &hellip; <a class=\"more-link\" href=\"https:\/\/memoriadelesilles.org\/wordpress\/2014\/11\/06\/teatre-a-calvia-dels-llargs-camins-de-jaume-miro\/\">M\u00e9s<\/a><\/p>\n","protected":false},"author":1,"featured_media":0,"comment_status":"closed","ping_status":"closed","sticky":false,"template":"","format":"standard","meta":{"footnotes":""},"categories":[2,1],"tags":[],"class_list":["post-5791","post","type-post","status-publish","format-standard","hentry","category-noticies","category-uncategorized",""],"_links":{"self":[{"href":"https:\/\/memoriadelesilles.org\/wordpress\/wp-json\/wp\/v2\/posts\/5791","targetHints":{"allow":["GET"]}}],"collection":[{"href":"https:\/\/memoriadelesilles.org\/wordpress\/wp-json\/wp\/v2\/posts"}],"about":[{"href":"https:\/\/memoriadelesilles.org\/wordpress\/wp-json\/wp\/v2\/types\/post"}],"author":[{"embeddable":true,"href":"https:\/\/memoriadelesilles.org\/wordpress\/wp-json\/wp\/v2\/users\/1"}],"replies":[{"embeddable":true,"href":"https:\/\/memoriadelesilles.org\/wordpress\/wp-json\/wp\/v2\/comments?post=5791"}],"version-history":[{"count":0,"href":"https:\/\/memoriadelesilles.org\/wordpress\/wp-json\/wp\/v2\/posts\/5791\/revisions"}],"wp:attachment":[{"href":"https:\/\/memoriadelesilles.org\/wordpress\/wp-json\/wp\/v2\/media?parent=5791"}],"wp:term":[{"taxonomy":"category","embeddable":true,"href":"https:\/\/memoriadelesilles.org\/wordpress\/wp-json\/wp\/v2\/categories?post=5791"},{"taxonomy":"post_tag","embeddable":true,"href":"https:\/\/memoriadelesilles.org\/wordpress\/wp-json\/wp\/v2\/tags?post=5791"}],"curies":[{"name":"wp","href":"https:\/\/api.w.org\/{rel}","templated":true}]}}