{"id":5772,"date":"2014-10-29T08:49:36","date_gmt":"2014-10-29T08:49:36","guid":{"rendered":"http:\/\/www.memoriadelesilles.org\/wordpress\/?p=5772"},"modified":"2014-10-29T08:49:36","modified_gmt":"2014-10-29T08:49:36","slug":"feim-memoria-per-esporles","status":"publish","type":"post","link":"https:\/\/memoriadelesilles.org\/wordpress\/2014\/10\/29\/feim-memoria-per-esporles\/","title":{"rendered":"Feim Mem\u00f2ria per Esporles"},"content":{"rendered":"<p style=\"color: #222222;\"><b>El Grup Mem\u00f2ria Hist\u00f2rica Esporles fa una crida als esporlerins i esporlerines perqu\u00e8 participin en la localitzaci\u00f3 de fonts orals i documentals de la nostra hist\u00f2ria recent<\/b><\/p>\n<p style=\"color: #222222;\"><b><a href=\"http:\/\/www.memoriadelesilles.org\/wordpress\/wp-content\/uploads\/2014\/10\/foto_MH_grup.jpg\"><img loading=\"lazy\" decoding=\"async\" class=\"alignnone size-large wp-image-5773\" src=\"http:\/\/www.memoriadelesilles.org\/wordpress\/wp-content\/uploads\/2014\/10\/foto_MH_grup-1024x745.jpg\" alt=\"foto_MH_grup\" width=\"584\" height=\"424\" \/><\/a><\/b><\/p>\n<p style=\"color: #222222;\">El Grup Mem\u00f2ria Hist\u00f2rica Esporles dedicam bona part del nostre temps a fer recerca. \u00c9s una tasca complexa perqu\u00e8 no existeix molta documentaci\u00f3 escrita d\u2019alguns per\u00edodes concrets de la nostra Hist\u00f2ria. Per\u00f2 aquesta manca de fonts\u00a0documentals\u00a0\u00e9s compensada per l&#8217;\u00fas de fontsorals, que s\u00f3n<b>\u00a0<\/b>la mem\u00f2ria viva de la gent m\u00e9s gran del poble, que va viure en primera persona episodis tan rellevants de la nostra hist\u00f2ria recent com la II Rep\u00fablica, la Guerra Civil o el primer Franquisme.<\/p>\n<p style=\"color: #222222;\">Amb la col\u00b7laboraci\u00f3 de l\u2019Ajuntament d\u2019Esporles, ara treballam en un projecte de recuperaci\u00f3 de les biografies d\u2019aquells esporlerins i esporlerines que foren represaliats o tengueren un paper important durant la primera etapa del Franquisme.<\/p>\n<p style=\"color: #222222;\">\u00c9s per aix\u00f2 que consideram indispensable la col\u00b7laboraci\u00f3 de tothom en l\u2019ampliaci\u00f3 de tot tipus d\u2019informaci\u00f3 (fonts orals, fotografies, documentaci\u00f3 escrita&#8230;) sobre les persones que apareixen al llistat seg\u00fcent.<\/p>\n<p style=\"color: #222222;\">Els noms d\u2019aquestes persones s\u2019han obtingut a partir de la recerca documental a l&#8217;Arxiu de l&#8217;Associaci\u00f3 Mem\u00f2ria de Mallorca, aix\u00ed com tamb\u00e9 a arxius municipals, auton\u00f2mics i estatals. S\u00f3n noms que apareixen a escrits de l\u2019\u00e8poca perqu\u00e8 foren perseguits i\/o encausats judicialment. Treballam en les seves biografies per donar llum a episodis claus de la Hist\u00f2ria d\u2019Esporles i per a restablir la seva mem\u00f2ria. Nom\u00e9s entre tots i totes farem possible dur a bon port aquesta escomesa.<\/p>\n<p style=\"color: #222222;\">\u00c9s probable que no tenguem localitzades totes les persones represaliades d\u2019aquest per\u00edode. Si teniu informaci\u00f3 d\u2019altres esporlerins i esporlerines que foren perseguits, encara que no surtin al llistat, estarem molt agra\u00efts que ens faceu arribar la informaci\u00f3.<\/p>\n<p style=\"color: #222222;\"><b>COM ENS PODEM POSAR EN CONTACTE?<\/b><\/p>\n<p style=\"color: #222222;\">Si pots aportar informaci\u00f3 d\u2019alguna de les persones que surten al llistat, per petita que sigui, posa\u2019t en contacte amb nosaltres. Ho podeu fer de dues maneres:<\/p>\n<ul style=\"color: #222222;\">\n<li><b>A la Biblioteca<\/b>: All\u00e0 et demanaran les teves dades (nom i tel\u00e8fon), i aix\u00ed un membre del grup es posar\u00e0 amb contacte amb tu per concertar una trobada.<\/li>\n<li>Ens pots enviar un correu electr\u00f2nic a<b><a style=\"color: #1155cc;\" href=\"mailto:memoriaperesporles@gmail.com\" target=\"_blank\">memoriaperesporles@gmail.com<\/a><\/b>\u00a0i tamb\u00e9 ens posarem en contacte amb tu.<b><\/b><\/li>\n<\/ul>\n<p><b style=\"color: #222222;\"><span lang=\"ES\"><br \/>\n<\/span><\/b><strong><span lang=\"ES\">Feim mem\u00f2ria perqu\u00e8 els nostres n\u00e9ts s\u00e0piguen d\u2019on venim i puguin construir un futur millor!<\/span><\/strong><\/p>\n<p>&nbsp;<\/p>\n<p><b><span style=\"color: #000000;\"><span style=\"font-size: large;\">LLISTAT DE PERSONES<\/span><\/span><\/b><\/p>\n<ol>\n<li><span style=\"font-size: large;\"><b><span style=\"color: black;\">Alemany Camps, Bartolom\u00e9<\/span><\/b><\/span><\/li>\n<li><span style=\"font-size: large;\"><b><span style=\"color: black;\">Alemany Pujol, Antonio<\/span><\/b><\/span><\/li>\n<li><span style=\"font-size: large;\"><b><span style=\"color: black;\">Arbo\u00e7 Mir, Bartomeu<\/span><\/b><\/span><\/li>\n<li><span style=\"font-size: large;\"><b><span style=\"color: black;\">Arbo\u00e7 Ramon, Juan<\/span><\/b><\/span><\/li>\n<li><span style=\"font-size: large;\"><b><span style=\"color: black;\">Arbo\u00e7 Tom\u00e0s, Joan<\/span><\/b><\/span><\/li>\n<li><span style=\"font-size: large;\"><b><span style=\"color: black;\">Ballesteros, Jos\u00e9<\/span><\/b><\/span><\/li>\n<li><span style=\"font-size: large;\"><b><span style=\"color: black;\">Bau\u00e7\u00e0 Cresp\u00ed, Francesc<\/span><\/b><\/span><\/li>\n<li><span style=\"font-size: large;\"><b><span style=\"color: black;\">Berenguer i Casellas, Sebasti\u00e0<\/span><\/b><\/span><\/li>\n<li><span style=\"font-size: large;\"><b><span style=\"color: black;\">Bernat Ricard, Antoni<\/span><\/b><\/span><\/li>\n<li><span style=\"font-size: large;\"><b><span style=\"color: black;\">Bestard Bestard, Juan<\/span><\/b><\/span><\/li>\n<li><span style=\"font-size: large;\"><b><span style=\"color: black;\">Bestard Calafell, Juan<\/span><\/b><\/span><\/li>\n<li><span style=\"font-size: large;\"><b><span style=\"color: black;\">Bonet Garau, Antonio<\/span><\/b><\/span><\/li>\n<li><span style=\"font-size: large;\"><b><span style=\"color: black;\">Bonet Garau, Francisco<\/span><\/b><\/span><\/li>\n<li><span style=\"font-size: large;\"><b><span style=\"color: black;\">Bonet Garau, Jaime<\/span><\/b><\/span><\/li>\n<li><span style=\"font-size: large;\"><b><span style=\"color: black;\">Bonet Garau, Pedro<\/span><\/b><\/span><\/li>\n<li><span style=\"font-size: large;\"><b><span style=\"color: black;\">Bordoy Ferr\u00e0, Mateo<\/span><\/b><\/span><\/li>\n<li><span style=\"font-size: large;\"><b><span style=\"color: black;\">Bosch Ferrer, Juan<\/span><\/b><\/span><\/li>\n<li><span style=\"font-size: large;\"><b><span style=\"color: black;\">Bosch Frau. Juan<\/span><\/b><\/span><\/li>\n<li><span style=\"font-size: large;\"><b><span style=\"color: black;\">Bosch Romero, Miguel<\/span><\/b><\/span><\/li>\n<li><span style=\"font-size: large;\"><b><span style=\"color: black;\">Bosch Romero, Rafael<\/span><\/b><\/span><\/li>\n<li><span style=\"font-size: large;\"><b><span style=\"color: black;\">Bosch Terrassa, Bartolom\u00e9<\/span><\/b><\/span><\/li>\n<li><span style=\"font-size: large;\"><b><span style=\"color: black;\">Bosch Terrassa, Juan<\/span><\/b><\/span><\/li>\n<li><span style=\"font-size: large;\"><b><span style=\"color: black;\">Calafell Serra, Gabriel<\/span><\/b><\/span><\/li>\n<li><span style=\"font-size: large;\"><b><span style=\"color: black;\">Campanell Llabr\u00e9s, Jos\u00e9<\/span><\/b><\/span><\/li>\n<li><span style=\"font-size: large;\"><b><span style=\"color: black;\">Canals Mateu, Andreu<\/span><\/b><\/span><\/li>\n<li><span style=\"font-size: large;\"><b><span style=\"color: black;\">Canals Mateu, Bernardo<\/span><\/b><\/span><\/li>\n<li><span style=\"font-size: large;\"><b><span style=\"color: black;\">Ca\u00f1ellas Capllonch, Antoni<\/span><\/b><\/span><\/li>\n<li><span style=\"font-size: large;\"><b><span style=\"color: black;\">Ca\u00f1ellas Capllonch, Bartomeu<\/span><\/b><\/span><\/li>\n<li><span style=\"font-size: large;\"><b><span style=\"color: black;\">Ca\u00f1ellas Capllonch, Joan<\/span><\/b><\/span><\/li>\n<li><span style=\"font-size: large;\"><b><span style=\"color: black;\">Ca\u00f1ellas March, Mateo<\/span><\/b><\/span><\/li>\n<li><span style=\"font-size: large;\"><b><span style=\"color: black;\">Capllonch Fern\u00e1ndez, Bartomeu<\/span><\/b><\/span><\/li>\n<li><span style=\"font-size: large;\"><b><span style=\"color: black;\">Capllonch Moranta, Miquel<\/span><\/b><\/span><\/li>\n<li><span style=\"font-size: large;\"><b><span style=\"color: black;\">Casellas i Berenguer, Sebasti\u00e0<\/span><\/b><\/span><\/li>\n<li><span style=\"font-size: large;\"><b><span style=\"color: black;\">Cerd\u00e0 Pujol, Catalina (Comare Municipal)<\/span><\/b><\/span><\/li>\n<li><span style=\"font-size: large;\"><b><span style=\"color: black;\">Coll Bibiloni, Miquel<\/span><\/b><\/span><\/li>\n<li><span style=\"font-size: large;\"><b><span style=\"color: black;\">Comas Bosch, Bartolom\u00e9<\/span><\/b><\/span><\/li>\n<li><span style=\"font-size: large;\"><b><span style=\"color: black;\">Comas Ferr\u00e0, Bartomeu<\/span><\/b><\/span><\/li>\n<li><span style=\"font-size: large;\"><b><span style=\"color: black;\">Comas Ferr\u00e0, Jos\u00e9<\/span><\/b><\/span><\/li>\n<li><span style=\"font-size: large;\"><b><span style=\"color: black;\">Comas Nadal, Magdalena<\/span><\/b><\/span><\/li>\n<li><span style=\"font-size: large;\"><b><span style=\"color: black;\">Daviu Estar\u00e0s, Rafael<\/span><\/b><\/span><\/li>\n<li><span style=\"font-size: large;\"><b><span style=\"color: black;\">Escandell Torres, Jos\u00e9<\/span><\/b><\/span><\/li>\n<li><span style=\"font-size: large;\"><b><span style=\"color: black;\">Escandell Torres, Mariano<\/span><\/b><\/span><\/li>\n<li><span style=\"font-size: large;\"><b><span style=\"color: black;\">Estrades Mir, Francisco<\/span><\/b><\/span><\/li>\n<li><span style=\"font-size: large;\"><b><span style=\"color: black;\">Estrades Mir, Pedro &#8220;Comare&#8221;<\/span><\/b><\/span><\/li>\n<li><span style=\"font-size: large;\"><b><span style=\"color: black;\">Fern\u00e1ndez Bosch, Margarita<\/span><\/b><\/span><\/li>\n<li><span style=\"font-size: large;\"><b><span style=\"color: black;\">Ferr\u00e0 Balaguer, Ant\u00f2nia<\/span><\/b><\/span><\/li>\n<li><span style=\"font-size: large;\"><b><span style=\"color: black;\">Ferr\u00e0 Balaguer, Jos\u00e9<\/span><\/b><\/span><\/li>\n<li><span style=\"font-size: large;\"><b><span style=\"color: black;\">Ferr\u00e0 Llin\u00e0s, Francisco<\/span><\/b><\/span><\/li>\n<li><span style=\"font-size: large;\"><b><span style=\"color: black;\">Ferr\u00e0 Llin\u00e0s, Guillermo<\/span><\/b><\/span><\/li>\n<li><span style=\"font-size: large;\"><b><span style=\"color: black;\">Ferr\u00e0 Llin\u00e0s, Jos\u00e9<\/span><\/b><\/span><\/li>\n<li><span style=\"font-size: large;\"><b><span style=\"color: black;\">Ferr\u00e0 Llin\u00e0s, Juan<\/span><\/b><\/span><\/li>\n<li><span style=\"font-size: large;\"><b><span style=\"color: black;\">Ferr\u00e0 Nadal, Jaime &#8220;Canot&#8221;<\/span><\/b><\/span><\/li>\n<li><span style=\"font-size: large;\"><b><span style=\"color: black;\">Ferragut Alemany, Antonio<\/span><\/b><\/span><\/li>\n<li><span style=\"font-size: large;\"><b><span style=\"color: black;\">Ferragut Ginard, Bartolom\u00e9<\/span><\/b><\/span><\/li>\n<li><span style=\"font-size: large;\"><b><span style=\"color: black;\">Font Mulet, Juan &#8220;Can Marcos&#8221;<\/span><\/b><\/span><\/li>\n<li><span style=\"font-size: large;\"><b><span style=\"color: black;\">Font Riutort, Juan<\/span><\/b><\/span><\/li>\n<li><span style=\"font-size: large;\"><b><span style=\"color: black;\">Font Rossell\u00f3, Juan<\/span><\/b><\/span><\/li>\n<li><span style=\"font-size: large;\"><b><span style=\"color: black;\">Font Vanrell, Francisco<\/span><\/b><\/span><\/li>\n<li><span style=\"font-size: large;\"><b><span style=\"color: black;\">Font Vila, Juan<\/span><\/b><\/span><\/li>\n<li><span style=\"font-size: large;\"><b><span style=\"color: black;\">Ginard Trias, Guillermo<\/span><\/b><\/span><\/li>\n<li><span style=\"font-size: large;\"><b><span style=\"color: black;\">Gonz\u00e1lez Ru\u00edz P\u00e9rez, Rafael<\/span><\/b><\/span><\/li>\n<li><span style=\"font-size: large;\"><b><span style=\"color: black;\">Gonz\u00e1lez Ru\u00edz, Concepci\u00f3n<\/span><\/b><\/span><\/li>\n<li><span style=\"font-size: large;\"><b><span style=\"color: black;\">Homar Font, Antoni<\/span><\/b><\/span><\/li>\n<li><span style=\"font-size: large;\"><b><span style=\"color: black;\">Homar Llin\u00e0s, Miquel<\/span><\/b><\/span><\/li>\n<li><span style=\"font-size: large;\"><b><span style=\"color: black;\">Frischer, Leo Israel<\/span><\/b><\/span><\/li>\n<li><span style=\"font-size: large;\"><b><span style=\"color: black;\">Mayer Claassen, Hans Israel<\/span><\/b><\/span><\/li>\n<li><span style=\"font-size: large;\"><b><span style=\"color: black;\">Juli\u00e0 Torres, Antonio<\/span><\/b><\/span><\/li>\n<li><span style=\"font-size: large;\"><b><span style=\"color: black;\">Juli\u00e0 Torres, Juan &#8220;Saig&#8221;<\/span><\/b><\/span><\/li>\n<li><span style=\"font-size: large;\"><b><span style=\"color: black;\">La Cruz Blasco, Vicente<\/span><\/b><\/span><\/li>\n<li><span style=\"font-size: large;\"><b><span style=\"color: black;\">Llabr\u00e9s Frontera, Maria<\/span><\/b><\/span><\/li>\n<li><span style=\"font-size: large;\"><b><span style=\"color: black;\">Llabr\u00e9s Terrassa, Jos\u00e9 &#8220;Parxitos&#8221;<\/span><\/b><\/span><\/li>\n<li><span style=\"font-size: large;\"><b><span style=\"color: black;\">Llad\u00f3 Garau, Juan<\/span><\/b><\/span><\/li>\n<li><span style=\"font-size: large;\"><b><span style=\"color: black;\">Llad\u00f3 Prieto, Antonio<\/span><\/b><\/span><\/li>\n<li><span style=\"font-size: large;\"><b><span style=\"color: black;\">Llad\u00f3 Prieto, Ramon<\/span><\/b><\/span><\/li>\n<li><span style=\"font-size: large;\"><b><span style=\"color: black;\">Llad\u00f3 Ribas, Jaime<\/span><\/b><\/span><\/li>\n<li><span style=\"font-size: large;\"><b><span style=\"color: black;\">Llad\u00f3 Ribas, Pere Josep<\/span><\/b><\/span><\/li>\n<li><span style=\"font-size: large;\"><b><span style=\"color: black;\">Llad\u00f3 Tom\u00e0s, Jos\u00e9<\/span><\/b><\/span><\/li>\n<li><span style=\"font-size: large;\"><b><span style=\"color: black;\">Llasera Sala, Jos\u00e9<\/span><\/b><\/span><\/li>\n<li><span style=\"font-size: large;\"><b><span style=\"color: black;\">Llin\u00e0s Alemany, Arnaldo<\/span><\/b><\/span><\/li>\n<li><span style=\"font-size: large;\"><b><span style=\"color: black;\">Llin\u00e0s Coll, Bartolom\u00e9<\/span><\/b><\/span><\/li>\n<li><span style=\"font-size: large;\"><b><span style=\"color: black;\">Llin\u00e0s Mir, Jaime<\/span><\/b><\/span><\/li>\n<li><span style=\"font-size: large;\"><b><span style=\"color: black;\">Llin\u00e0s Mir, Juan<\/span><\/b><\/span><\/li>\n<li><span style=\"font-size: large;\"><b><span style=\"color: black;\">Llin\u00e0s Sastre, Francisco &#8220;Campanet&#8221;<\/span><\/b><\/span><\/li>\n<li><span style=\"font-size: large;\"><b><span style=\"color: black;\">Marim\u00f3n Alcover, Guillermo<\/span><\/b><\/span><\/li>\n<li><span style=\"font-size: large;\"><b><span style=\"color: black;\">Marim\u00f3n Sastre, Gabriel<\/span><\/b><\/span><\/li>\n<li><span style=\"font-size: large;\"><b><span style=\"color: black;\">Mart\u00ednez, Andr\u00e9s<\/span><\/b><\/span><\/li>\n<li><span style=\"font-size: large;\"><b><span style=\"color: black;\">Matas Bestard, Gaspar<\/span><\/b><\/span><\/li>\n<li><span style=\"font-size: large;\"><b><span style=\"color: black;\">Matas Coll, Lorenzo<\/span><\/b><\/span><\/li>\n<li><span style=\"font-size: large;\"><b><span style=\"color: black;\">Matas Llad\u00f3, Guillem<\/span><\/b><\/span><\/li>\n<li><span style=\"font-size: large;\"><b><span style=\"color: black;\">Matas Llin\u00e0s, Jaime<\/span><\/b><\/span><\/li>\n<li><span style=\"font-size: large;\"><b><span style=\"color: black;\">Matas Roca, Francisca<\/span><\/b><\/span><\/li>\n<li><span style=\"font-size: large;\"><b><span style=\"color: black;\">Matas Sabater, Francisco<\/span><\/b><\/span><\/li>\n<li><span style=\"font-size: large;\"><b><span style=\"color: black;\">Matas Salas, Jos\u00e9<\/span><\/b><\/span><\/li>\n<li><span style=\"font-size: large;\"><b><span style=\"color: black;\">Matas Salas, Juan<\/span><\/b><\/span><\/li>\n<li><span style=\"font-size: large;\"><b><span style=\"color: black;\">Mir Balaguer, Baltasar<\/span><\/b><\/span><\/li>\n<li><span style=\"font-size: large;\"><b><span style=\"color: black;\">Mir Ferr\u00e0, Antonio<\/span><\/b><\/span><\/li>\n<li><span style=\"font-size: large;\"><b><span style=\"color: black;\">Mir Garau, Antonio &#8220;Calanda&#8221;<\/span><\/b><\/span><\/li>\n<li><span style=\"font-size: large;\"><b><span style=\"color: black;\">Mir Mas, Guillermo<\/span><\/b><\/span><\/li>\n<li><span style=\"font-size: large;\"><b><span style=\"color: black;\">Monterub\u00ed Maceda, Francisco<\/span><\/b><\/span><\/li>\n<li><span style=\"font-size: large;\"><b><span style=\"color: black;\">Mora Rossell\u00f3, Guillermo<\/span><\/b><\/span><\/li>\n<li><span style=\"font-size: large;\"><b><span style=\"color: black;\">Mora Rossell\u00f3, Magdalena<\/span><\/b><\/span><\/li>\n<li><span style=\"font-size: large;\"><b><span style=\"color: black;\">Moragues Comas, Gaspar<\/span><\/b><\/span><\/li>\n<li><span style=\"font-size: large;\"><b><span style=\"color: black;\">Moranta Bosch, Bartolom\u00e9<\/span><\/b><\/span><\/li>\n<li><span style=\"font-size: large;\"><b><span style=\"color: black;\">Moranta Serra, Joan<\/span><\/b><\/span><\/li>\n<li><span style=\"font-size: large;\"><b><span style=\"color: black;\">Morell Ferr\u00e0, Jaime<\/span><\/b><\/span><\/li>\n<li><span style=\"font-size: large;\"><b><span style=\"color: black;\">Morell Ferr\u00e0, Joan<\/span><\/b><\/span><\/li>\n<li><span style=\"font-size: large;\"><b><span style=\"color: black;\">Morell Mas, Antonio<\/span><\/b><\/span><\/li>\n<li><span style=\"font-size: large;\"><b><span style=\"color: black;\">Morell Reyn\u00e9s, Antonio<\/span><\/b><\/span><\/li>\n<li><span style=\"font-size: large;\"><b><span style=\"color: black;\">Morell Salas, Juan<\/span><\/b><\/span><\/li>\n<li><span style=\"font-size: large;\"><b><span style=\"color: black;\">Mulet Roca, Josep<\/span><\/b><\/span><\/li>\n<li><span style=\"font-size: large;\"><b><span style=\"color: black;\">Nadal Bestard, Rafael<\/span><\/b><\/span><\/li>\n<li><span style=\"font-size: large;\"><b><span style=\"color: black;\">Nadal Bosch, Jaume<\/span><\/b><\/span><\/li>\n<li><span style=\"font-size: large;\"><b><span style=\"color: black;\">Nadal Ca\u00f1ellas, Jaime<\/span><\/b><\/span><\/li>\n<li><span style=\"font-size: large;\"><b><span style=\"color: black;\">Nadal Estades, Bartolom\u00e9<\/span><\/b><\/span><\/li>\n<li><span style=\"font-size: large;\"><b><span style=\"color: black;\">Nadal Esteve, Bartolom\u00e9<\/span><\/b><\/span><\/li>\n<li><span style=\"font-size: large;\"><b><span style=\"color: black;\">Nadal Ferr\u00e0, Jaime &#8220;Canot&#8221;<\/span><\/b><\/span><\/li>\n<li><span style=\"font-size: large;\"><b><span style=\"color: black;\">Nadal Mir, Francisca<\/span><\/b><\/span><\/li>\n<li><span style=\"font-size: large;\"><b><span style=\"color: black;\">Nadal Palmer, Bartolom\u00e9<\/span><\/b><\/span><\/li>\n<li><span style=\"font-size: large;\"><b><span style=\"color: black;\">Nadal Palmer, Juan<\/span><\/b><\/span><\/li>\n<li><span style=\"font-size: large;\"><b><span style=\"color: black;\">Nadal Palmer, Mateo<\/span><\/b><\/span><\/li>\n<li><span style=\"font-size: large;\"><b><span style=\"color: black;\">Nadal Tom\u00e0s, Jaime<\/span><\/b><\/span><\/li>\n<li><span style=\"font-size: large;\"><b><span style=\"color: black;\">Nadal, Jaume &#8220;Lufo&#8221;<\/span><\/b><\/span><\/li>\n<li><span style=\"font-size: large;\"><b><span style=\"color: black;\">Nicolau Matas, Andreu<\/span><\/b><\/span><\/li>\n<li><span style=\"font-size: large;\"><b><span style=\"color: black;\">Pallicer Juan, Ana Maria<\/span><\/b><\/span><\/li>\n<li><span style=\"font-size: large;\"><b><span style=\"color: black;\">Pallicer Juan, Felipe<\/span><\/b><\/span><\/li>\n<li><span style=\"font-size: large;\"><b><span style=\"color: black;\">Palmer Bosch, Pablo<\/span><\/b><\/span><\/li>\n<li><span style=\"font-size: large;\"><b><span style=\"color: black;\">Palmer Tom\u00e0s, Mateo<\/span><\/b><\/span><\/li>\n<li><span style=\"font-size: large;\"><b><span style=\"color: black;\">Perell\u00f3 Roca, Ant\u00f2nia<\/span><\/b><\/span><\/li>\n<li><span style=\"font-size: large;\"><b><span style=\"color: black;\">Peric\u00e0s Jaume, Antonio<\/span><\/b><\/span><\/li>\n<li><span style=\"font-size: large;\"><b><span style=\"color: black;\">Pujol Alemany, Arnaldo<\/span><\/b><\/span><\/li>\n<li><span style=\"font-size: large;\"><b><span style=\"color: black;\">Pujol Vadell, Jos\u00e9<\/span><\/b><\/span><\/li>\n<li><span style=\"font-size: large;\"><b><span style=\"color: black;\">Ribas Torres, Rafael<\/span><\/b><\/span><\/li>\n<li><span style=\"font-size: large;\"><b><span style=\"color: black;\">Ripoll Alemany, Jos\u00e9<\/span><\/b><\/span><\/li>\n<li><span style=\"font-size: large;\"><b><span style=\"color: black;\">Roca Riutort, Gabriel &#8220;Confit&#8221;<\/span><\/b><\/span><\/li>\n<li><span style=\"font-size: large;\"><b><span style=\"color: black;\">Roig Tom\u00e0s, Gabriel<\/span><\/b><\/span><\/li>\n<li><span style=\"font-size: large;\"><b><span style=\"color: black;\">Roig Tom\u00e0s, Mateu<\/span><\/b><\/span><\/li>\n<li><span style=\"font-size: large;\"><b><span style=\"color: black;\">Rossell\u00f3 Bujosa, Jaime<\/span><\/b><\/span><\/li>\n<li><span style=\"font-size: large;\"><b><span style=\"color: black;\">Rotger Llin\u00e0s, Miquel<\/span><\/b><\/span><\/li>\n<li><span style=\"font-size: large;\"><b><span style=\"color: black;\">Salas Roca, Gaspar<\/span><\/b><\/span><\/li>\n<li><span style=\"font-size: large;\"><b><span style=\"color: black;\">Salas Roca, Guillermo<\/span><\/b><\/span><\/li>\n<li><span style=\"font-size: large;\"><b><span style=\"color: black;\">Salas Roca, Jos\u00e9<\/span><\/b><\/span><\/li>\n<li><span style=\"font-size: large;\"><b><span style=\"color: black;\">Salas Roca, Lorenzo<\/span><\/b><\/span><\/li>\n<li><span style=\"font-size: large;\"><b><span style=\"color: black;\">Salas Tom\u00e0s, Gabriel<\/span><\/b><\/span><\/li>\n<li><span style=\"font-size: large;\"><b><span style=\"color: black;\">Salas Tom\u00e0s, Jos\u00e9<\/span><\/b><\/span><\/li>\n<li><span style=\"font-size: large;\"><b><span style=\"color: black;\">Salas Vallespir, Guillermo<\/span><\/b><\/span><\/li>\n<li><span style=\"font-size: large;\"><b><span style=\"color: black;\">Sancho Llodr\u00e0, Juan<\/span><\/b><\/span><\/li>\n<li><span style=\"font-size: large;\"><b><span style=\"color: black;\">Sastre Bosch, Bartolom\u00e9<\/span><\/b><\/span><\/li>\n<li><span style=\"font-size: large;\"><b><span style=\"color: black;\">Sastre Bosch, Tom\u00e0s<\/span><\/b><\/span><\/li>\n<li><span style=\"font-size: large;\"><b><span style=\"color: black;\">Sastre Font, Francisco<\/span><\/b><\/span><\/li>\n<li><span style=\"font-size: large;\"><b><span style=\"color: black;\">Sastre Matas, Francisco<\/span><\/b><\/span><\/li>\n<li><span style=\"font-size: large;\"><b><span style=\"color: black;\">Sastre Matas, Jaime &#8220;Marrengo&#8221;<\/span><\/b><\/span><\/li>\n<li><span style=\"font-size: large;\"><b><span style=\"color: black;\">Sastre Matas, Juan &#8220;Marrengo&#8221;<\/span><\/b><\/span><\/li>\n<li><span style=\"font-size: large;\"><b><span style=\"color: black;\">Sastre Pujol, Pedro<\/span><\/b><\/span><\/li>\n<li><span style=\"font-size: large;\"><b><span style=\"color: black;\">Sastre Sastre, Bartolom\u00e9<\/span><\/b><\/span><\/li>\n<li><span style=\"font-size: large;\"><b><span style=\"color: black;\">Sastre Segu\u00ed, Francisca<\/span><\/b><\/span><\/li>\n<li><span style=\"font-size: large;\"><b><span style=\"color: black;\">Segu\u00ed Bosch, Bartomeu<\/span><\/b><\/span><\/li>\n<li><span style=\"font-size: large;\"><b><span style=\"color: black;\">Segu\u00ed Bosch, Felipe<\/span><\/b><\/span><\/li>\n<li><span style=\"font-size: large;\"><b><span style=\"color: black;\">Segu\u00ed Bosch, Miguel<\/span><\/b><\/span><\/li>\n<li><span style=\"font-size: large;\"><b><span style=\"color: black;\">Segu\u00ed Segu\u00ed, Bartolom\u00e9<\/span><\/b><\/span><\/li>\n<li><span style=\"font-size: large;\"><b><span style=\"color: black;\">Segu\u00ed Segu\u00ed, Juana<\/span><\/b><\/span><\/li>\n<li><span style=\"font-size: large;\"><b><span style=\"color: black;\">Segu\u00ed Segu\u00ed, Miguel<\/span><\/b><\/span><\/li>\n<li><span style=\"font-size: large;\"><b><span style=\"color: black;\">Segu\u00ed Segu\u00ed, Tom\u00e0s<\/span><\/b><\/span><\/li>\n<li><span style=\"font-size: large;\"><b><span style=\"color: black;\">Segu\u00ed Vila, Miguel<\/span><\/b><\/span><\/li>\n<li><span style=\"font-size: large;\"><b><span style=\"color: black;\">Serra Comas, Antonio<\/span><\/b><\/span><\/li>\n<li><span style=\"font-size: large;\"><b><span style=\"color: black;\">Serra Mulet, Gabriel<\/span><\/b><\/span><\/li>\n<li><span style=\"font-size: large;\"><b><span style=\"color: black;\">Terrassa Matas, Gabriel<\/span><\/b><\/span><\/li>\n<li><span style=\"font-size: large;\"><b><span style=\"color: black;\">Terrassa Nadal, Gabriel &#8220;Trinxet&#8221;<\/span><\/b><\/span><\/li>\n<li><span style=\"font-size: large;\"><b><span style=\"color: black;\">Terrassa Segu\u00ed, Antonio &#8220;Calet&#8221;<\/span><\/b><\/span><\/li>\n<li><span style=\"font-size: large;\"><b><span style=\"color: black;\">Terrassa Segu\u00ed, Jaume<\/span><\/b><\/span><\/li>\n<li><span style=\"font-size: large;\"><b><span style=\"color: black;\">Terrassa Segu\u00ed, Joan<\/span><\/b><\/span><\/li>\n<li><span style=\"font-size: large;\"><b><span style=\"color: black;\">Terrassa Segu\u00ed, Sebasti\u00e0 &#8220;Calet&#8221;<\/span><\/b><\/span><\/li>\n<li><span style=\"font-size: large;\"><b><span style=\"color: black;\">Terrassa Tom\u00e0s, Jaime<\/span><\/b><\/span><\/li>\n<li><span style=\"font-size: large;\"><b><span style=\"color: black;\">Tom\u00e0s Borr\u00e0s, Bartomeu<\/span><\/b><\/span><\/li>\n<li><span style=\"font-size: large;\"><b><span style=\"color: black;\">Tom\u00e0s Ferr\u00e0, Joana Maria<\/span><\/b><\/span><\/li>\n<li><span style=\"font-size: large;\"><b><span style=\"color: black;\">Tom\u00e1s Salas, Jaime Nadal<\/span><\/b><\/span><\/li>\n<li><span style=\"font-size: large;\"><b><span style=\"color: black;\">Torres Campomar, Jaime<\/span><\/b><\/span><\/li>\n<li><span style=\"font-size: large;\"><b><span style=\"color: black;\">Torres Campomar, Maria<\/span><\/b><\/span><\/li>\n<li><span style=\"font-size: large;\"><b><span style=\"color: black;\">Torres Campomar, Pedro<\/span><\/b><\/span><\/li>\n<li><span style=\"font-size: large;\"><b><span style=\"color: black;\">Torres Nadal, Pedro<\/span><\/b><\/span><\/li>\n<li><span style=\"font-size: large;\"><b><span style=\"color: black;\">Torres Tom\u00e0s, Rafael<\/span><\/b><\/span><\/li>\n<li><span style=\"font-size: large;\"><b><span style=\"color: black;\">Trias Bosch, Antonio<\/span><\/b><\/span><\/li>\n<li><span style=\"font-size: large;\"><b><span style=\"color: black;\">Trias Bosch, Sebasti\u00e0<\/span><\/b><\/span><\/li>\n<li><span style=\"font-size: large;\"><b><span style=\"color: black;\">Valenzuela P\u00e9rez, Antonio<\/span><\/b><\/span><\/li>\n<li><span style=\"font-size: large;\"><b><span style=\"color: black;\">Villalonga Orfila, Benito<\/span><\/b><\/span><\/li>\n<\/ol>\n","protected":false},"excerpt":{"rendered":"<p>El Grup Mem\u00f2ria Hist\u00f2rica Esporles fa una crida als esporlerins i esporlerines perqu\u00e8 participin en la localitzaci\u00f3 de fonts orals &hellip; <a class=\"more-link\" href=\"https:\/\/memoriadelesilles.org\/wordpress\/2014\/10\/29\/feim-memoria-per-esporles\/\">M\u00e9s<\/a><\/p>\n","protected":false},"author":1,"featured_media":0,"comment_status":"closed","ping_status":"closed","sticky":false,"template":"","format":"standard","meta":{"footnotes":""},"categories":[2,1],"tags":[],"class_list":["post-5772","post","type-post","status-publish","format-standard","hentry","category-noticies","category-uncategorized",""],"_links":{"self":[{"href":"https:\/\/memoriadelesilles.org\/wordpress\/wp-json\/wp\/v2\/posts\/5772","targetHints":{"allow":["GET"]}}],"collection":[{"href":"https:\/\/memoriadelesilles.org\/wordpress\/wp-json\/wp\/v2\/posts"}],"about":[{"href":"https:\/\/memoriadelesilles.org\/wordpress\/wp-json\/wp\/v2\/types\/post"}],"author":[{"embeddable":true,"href":"https:\/\/memoriadelesilles.org\/wordpress\/wp-json\/wp\/v2\/users\/1"}],"replies":[{"embeddable":true,"href":"https:\/\/memoriadelesilles.org\/wordpress\/wp-json\/wp\/v2\/comments?post=5772"}],"version-history":[{"count":0,"href":"https:\/\/memoriadelesilles.org\/wordpress\/wp-json\/wp\/v2\/posts\/5772\/revisions"}],"wp:attachment":[{"href":"https:\/\/memoriadelesilles.org\/wordpress\/wp-json\/wp\/v2\/media?parent=5772"}],"wp:term":[{"taxonomy":"category","embeddable":true,"href":"https:\/\/memoriadelesilles.org\/wordpress\/wp-json\/wp\/v2\/categories?post=5772"},{"taxonomy":"post_tag","embeddable":true,"href":"https:\/\/memoriadelesilles.org\/wordpress\/wp-json\/wp\/v2\/tags?post=5772"}],"curies":[{"name":"wp","href":"https:\/\/api.w.org\/{rel}","templated":true}]}}