{"id":5698,"date":"2014-10-09T10:58:22","date_gmt":"2014-10-09T10:58:22","guid":{"rendered":"http:\/\/www.memoriadelesilles.org\/wordpress\/?p=5698"},"modified":"2014-10-09T10:58:22","modified_gmt":"2014-10-09T10:58:22","slug":"ii-fira-del-llibre-anarquista-de-mallorca-10-12102014","status":"publish","type":"post","link":"https:\/\/memoriadelesilles.org\/wordpress\/2014\/10\/09\/ii-fira-del-llibre-anarquista-de-mallorca-10-12102014\/","title":{"rendered":"II Fira del Llibre Anarquista de Mallorca (10-12\/10\/2014)"},"content":{"rendered":"<div style=\"color: #222222;\">\n<p>Aquesta segona edici\u00f3, que tindr\u00e0 lloc els dies\u00a0<b>10, 11 i 12 d\u2019octubre de 2014 a Parc de Ses veles de Palma<\/b>, t\u00e9 l\u2019objectiu de crear un lloc com\u00fa per al debat al voltant de diverses tem\u00e0tiques interessants per a l\u2019anarquisme i l\u2019anticapitalisme illenc, a partir de la presentaci\u00f3 de diversos llibres.<\/p>\n<p>Com en la primera edici\u00f3, la fira est\u00e0 organitzada per la\u00a0<a style=\"color: #1155cc;\" href=\"http:\/\/coordinadorallibertariamallorca.cat\/\" target=\"_blank\">Coordinadora Llibert\u00e0ria de Mallorca<\/a>, que es troba formada per diversos col\u00b7lectius i individualitats que treballen i actuen conjuntament. A m\u00e9s a m\u00e9s, en aquesta edici\u00f3 s\u2019ha comptat amb la participaci\u00f3 de m\u00e9s gent af\u00ed a aquesta entitat per tal de sumar esfor\u00e7os i il\u00b7lusi\u00f3 entorn a la trobada. Quant a la part econ\u00f2mica, aquesta es gestionar\u00e0 a partir de\u00a0diferents iniciatives\u00a0com sopadors, concerts i espectacles, punts de llibre, etc. que ens ajudaran a recaptar fons per autofinan\u00e7ar la fira.<\/p>\n<p>En aquesta web podreu trobar informaci\u00f3 actualitzada de les activitats confirmades que tindran lloc els dies de la fira i de com donar-hi suport.<\/p>\n<p>Si voleu demanar un espai a la fira, propostes, dubtes, suggeriments, contacte amb les distribu\u00efdores o qualsevol altra q\u00fcesti\u00f3 ens pots enviar un correu electr\u00f2nic a:\u00a0<a style=\"color: #1155cc;\" href=\"mailto:contact-firallibremall@riseup.net\" target=\"_blank\">contact-firallibremall@<wbr><\/wbr>riseup.net<\/a>.<\/p>\n<p>M\u00e9s informaci\u00f3:\u00a0<a style=\"color: #1155cc;\" href=\"http:\/\/firallibreanarquistamallorca.noblogs.org\/\" target=\"_blank\">http:\/\/<wbr><\/wbr>firallibreanarquistamallorca.<wbr><\/wbr>noblogs.org\/<\/a><\/p>\n<p>Esdeveniment al\u00a0<em>Facebook<\/em>:\u00a0<a style=\"color: #1155cc;\" href=\"https:\/\/www.facebook.com\/events\/569237139869827\/\" target=\"_blank\">https:\/\/www.facebook.com\/<wbr><\/wbr>events\/569237139869827\/<\/a><\/p>\n<\/div>\n<p><span style=\"color: #222222;\">El Grup d&#8217;Estudis Llibertaris Els Oblidats tendrem una paradeta amb els nostres materials i d&#8217;altres. Esperam veure&#8217;us per all\u00e0!<\/span><\/p>\n<div style=\"color: #222222;\">\n&#8212;&#8212;&#8212;&#8212;&#8212;&#8212;&#8212;&#8212;&#8212;&#8212;<wbr><\/wbr>&#8212;&#8212;&#8211; PROGRAMA*: &#8212;&#8212;&#8212;&#8212;&#8212;&#8212;&#8212;&#8212;&#8212;&#8212;<wbr><\/wbr>&#8212;&#8211;<\/p>\n<p>DIVENDRES 10 D\u2019OCTUBRE DE 2014<br \/>\n-17:00h Obertura de la Fira<br \/>\n-18:00h Presentaci\u00f3 de la II Fira del Llibre Anarquista de Mallorca a c\u00e0rrec de Jos\u00e9 Lu\u00eds de la companyia Buffon\u2019s<br \/>\n-18:30h Presentaci\u00f3 del llibre \u2018La Comuna de Par\u00eds\u2019 a c\u00e0rrec d\u2019una de Dolors Mar\u00edn, autora del pr\u00f2leg<br \/>\n-19:00h Presentaci\u00f3 del quadern did\u00e0ctic \u2018No robar\u00e1s\u2019 a c\u00e0rrec d\u2019un dels membres del col\u00b7lectiu autor, Escuela Libre<br \/>\n-20:30h Sopar veg\u00e0 a preus populars<br \/>\n-21:30h Representaci\u00f3 de l\u2019obra teatral \u2018Post, post, post\u2019 a c\u00e0rrec de la companyia Las Hip\u00f3kritas<br \/>\n-22:30h M\u00fasica en directe amb Tomeu Quetgles, Txus Santana i Phussyon<\/p>\n<p>DISSABTE 11 D\u2019OCTUBRE DE 2014<br \/>\n-11:00h Obertura de la Fira Espai per infants<br \/>\n-12:00h Presentaci\u00f3 del llibre \u2018\u00bfPor qu\u00e9 no nos dejan hacer en la calle?\u2019 a c\u00e0rrec de membres del col\u00b7lectiu d\u2019autores, Grupo de Estudios Antropol\u00f3gicos La Corrala<br \/>\n-14:00h Dinar veg\u00e0 a preus populars<br \/>\n-16:00h Com afrontem el turisme i les seves nocivitats? Debat obert sobre el turisme a Mallorca arrel de la publicaci\u00f3 \u2018Tot Incl\u00f2s\u2019 Espai per infants<br \/>\n-18:00h Presentaci\u00f3 del llibre \u2018En defensa d\u2019Afrodita\u2019 a c\u00e0rrec d\u2019una de les seves autores, Na Pai<br \/>\n-20:00h Representaci\u00f3 de l\u2019obra bufonesca \u2018Degenerant Ut\u00f2pics\u2019 a c\u00e0rrec de La Lioparda<br \/>\n-21:00h Sopar veg\u00e0 a preu populars<br \/>\n-22:00h M\u00fasica en directe amb el cantautor Buterflai (Euskadi) i final de jornada amb Punxa-Discs.<\/p>\n<p>DIUMENGE 12 D\u2019OCTUBRE DE 2014<br \/>\n-11:00h Obertura de la Fira Espai per infants<br \/>\n-12:00h Presentaci\u00f3 del llibre \u00bfD\u00f3nde est\u00e1 mi tribu? a c\u00e0rrec de la seva autora, Carolina del Olmo<br \/>\n-14:00h Dinar veg\u00e0 a preus populars<br \/>\n-16:00h Presentaci\u00f3 de llibre \u2018Paremos los vuelos\u2019 a c\u00e0rrec d\u2019un membre de la Campanya Estatal pel Tancament dels CIEs i del col\u00b7lectiu editor del llibre Local Cambalache Espai per infants<br \/>\n-18:00h Presentaci\u00f3 de la revista \u2018Clau de volta\u2019 a c\u00e0rrec de Pol, d\u2019Acci\u00f3 Llibert\u00e0ria de Sants amb posterior taula rodona i debat sobre l\u2019organitzaci\u00f3 del moviment llibertari a Mallorca<br \/>\n-20:00h Cloenda de la Fira amb poesia sobre bases DUB, hi haur\u00e0 micro obert per aquelles que vulguin recitar<br \/>\n&#8212;&#8212;&#8212;&#8212;&#8212;&#8212;&#8212;&#8212;&#8212;&#8212;<wbr><\/wbr>&#8212;&#8212;&#8212;&#8212;&#8212;&#8212;&#8212;&#8212;&#8212;&#8212;<wbr><\/wbr>&#8212;&#8212;&#8212;&#8212;&#8212;&#8212;&#8212;&#8212;&#8212;&#8212;<wbr><\/wbr>&#8212;-<br \/>\n*Av\u00eds: A mesura que es vagi aproximant la data de la II Fira del Llibre Anarquista de Mallorca anirem afegint m\u00e9s informaci\u00f3 sobre el programa. A m\u00e9s, pot ser que aquest pateixi qualque modificaci\u00f3, pel que recomanam consultar-lo freq\u00fcentment.<\/div>\n<div style=\"color: #222222;\"><\/div>\n<div style=\"color: #222222;\"><a href=\"http:\/\/www.memoriadelesilles.org\/wordpress\/wp-content\/uploads\/2014\/10\/iifirallibreanarquistamallorca_cartellprograma.png\"><img loading=\"lazy\" decoding=\"async\" class=\"alignnone size-full wp-image-5699\" src=\"http:\/\/www.memoriadelesilles.org\/wordpress\/wp-content\/uploads\/2014\/10\/iifirallibreanarquistamallorca_cartellprograma.png\" alt=\"iifirallibreanarquistamallorca_cartellprograma\" width=\"618\" height=\"440\" \/><\/a><\/div>\n","protected":false},"excerpt":{"rendered":"<p>Aquesta segona edici\u00f3, que tindr\u00e0 lloc els dies\u00a010, 11 i 12 d\u2019octubre de 2014 a Parc de Ses veles de &hellip; <a class=\"more-link\" href=\"https:\/\/memoriadelesilles.org\/wordpress\/2014\/10\/09\/ii-fira-del-llibre-anarquista-de-mallorca-10-12102014\/\">M\u00e9s<\/a><\/p>\n","protected":false},"author":1,"featured_media":0,"comment_status":"closed","ping_status":"closed","sticky":false,"template":"","format":"standard","meta":{"footnotes":""},"categories":[2,1],"tags":[],"class_list":["post-5698","post","type-post","status-publish","format-standard","hentry","category-noticies","category-uncategorized",""],"_links":{"self":[{"href":"https:\/\/memoriadelesilles.org\/wordpress\/wp-json\/wp\/v2\/posts\/5698","targetHints":{"allow":["GET"]}}],"collection":[{"href":"https:\/\/memoriadelesilles.org\/wordpress\/wp-json\/wp\/v2\/posts"}],"about":[{"href":"https:\/\/memoriadelesilles.org\/wordpress\/wp-json\/wp\/v2\/types\/post"}],"author":[{"embeddable":true,"href":"https:\/\/memoriadelesilles.org\/wordpress\/wp-json\/wp\/v2\/users\/1"}],"replies":[{"embeddable":true,"href":"https:\/\/memoriadelesilles.org\/wordpress\/wp-json\/wp\/v2\/comments?post=5698"}],"version-history":[{"count":0,"href":"https:\/\/memoriadelesilles.org\/wordpress\/wp-json\/wp\/v2\/posts\/5698\/revisions"}],"wp:attachment":[{"href":"https:\/\/memoriadelesilles.org\/wordpress\/wp-json\/wp\/v2\/media?parent=5698"}],"wp:term":[{"taxonomy":"category","embeddable":true,"href":"https:\/\/memoriadelesilles.org\/wordpress\/wp-json\/wp\/v2\/categories?post=5698"},{"taxonomy":"post_tag","embeddable":true,"href":"https:\/\/memoriadelesilles.org\/wordpress\/wp-json\/wp\/v2\/tags?post=5698"}],"curies":[{"name":"wp","href":"https:\/\/api.w.org\/{rel}","templated":true}]}}