{"id":5690,"date":"2014-10-08T08:24:46","date_gmt":"2014-10-08T08:24:46","guid":{"rendered":"http:\/\/www.memoriadelesilles.org\/wordpress\/?p=5690"},"modified":"2014-10-08T08:24:46","modified_gmt":"2014-10-08T08:24:46","slug":"exposicio-dones-per-la-memoria-de-eberhard-grosske","status":"publish","type":"post","link":"https:\/\/memoriadelesilles.org\/wordpress\/2014\/10\/08\/exposicio-dones-per-la-memoria-de-eberhard-grosske\/","title":{"rendered":"Exposici\u00f3 &#8220;Dones per la mem\u00f2ria&#8221; de Eberhard Grosske"},"content":{"rendered":"<div style=\"color: #222222;\">Divendres, 17 d&#8217;octubre, a les 19 hores, a l&#8217;Espai de Cultura Can Alcover, Mem\u00f2ria de Mallorca presenta:<\/div>\n<div style=\"color: #222222;\"><\/div>\n<div style=\"color: #222222;\">DONES PER LA MEM\u00d2RIA<\/div>\n<div style=\"color: #222222;\">\n<div><\/div>\n<div>Una exposici\u00f3 pict\u00f2rica de Eberhard GrossKe, sis retrats de\u00a0dones\u00a0que foren assassinades a Mallorca pels feixistes.\u00a0Dones\u00a0compromeses i representatives a la nostra illa:<\/div>\n<div><\/div>\n<div>Aurora Picornell, Matilde Landa, Daria Buxad\u00e9, Merc\u00e8 Buxad\u00e9, Margalida Jaume i Pilar S\u00e1nchez.<\/div>\n<div><\/div>\n<div>Una exposici\u00f3\u00a0per\u00a0recuperar la\u00a0mem\u00f2ria\u00a0de v\u00edctimes del franquisme,\u00a0per\u00a0dignificar i reivindicar els seus valors i principis,\u00a0per\u00a0denunciar el\u00a0patiment que caus\u00e0 la barb\u00e0rie feixista a Mallorca, especialment a les\u00a0dones, i que a trav\u00e9s de la\u00a0seva imatge real ens transmet la seva identitat, cinc d&#8217;elles encara romanen desaparegudes a fosses clandestines franquistes, sense\u00a0nom i sense senyalitzar.<\/div>\n<div><\/div>\n<div>La presentaci\u00f3 anir\u00e0 c\u00e0rrec de l&#8217;autor del retrats, a continuaci\u00f3 hi haur\u00e0 una taula redona a c\u00e0rrec de Tomeu Gar\u00ed, Tonina Mercadal, Jaume Mir\u00f3, Maria Ant\u00f2nia Oliver i Manel Su\u00e1rez.<\/div>\n<div><\/div>\n<div>Finalment es retr\u00e0 homenatge a totes les\u00a0dones\u00a0que patiren la repressi\u00f3 franquista a Mallorca.<\/div>\n<div>Adjunt trobareu el cartell per a la difusi\u00f3.<\/div>\n<div><\/div>\n<div>Organitza:\u00a0Mem\u00f2ria\u00a0de Mallorca<\/div>\n<div>Col\u00b7labora: Espai de Cultura Can Alcover.\u00a0<a href=\"http:\/\/www.memoriadelesilles.org\/wordpress\/wp-content\/uploads\/2014\/10\/Dones-Mem\u00f2ria-cartell.jpg\"><img loading=\"lazy\" decoding=\"async\" class=\"alignnone size-large wp-image-5691\" src=\"http:\/\/www.memoriadelesilles.org\/wordpress\/wp-content\/uploads\/2014\/10\/Dones-Mem\u00f2ria-cartell-723x1024.jpg\" alt=\"Dones Mem\u00f2ria cartell\" width=\"584\" height=\"827\" \/><\/a><\/div>\n<\/div>\n","protected":false},"excerpt":{"rendered":"<p>Divendres, 17 d&#8217;octubre, a les 19 hores, a l&#8217;Espai de Cultura Can Alcover, Mem\u00f2ria de Mallorca presenta: DONES PER LA &hellip; <a class=\"more-link\" href=\"https:\/\/memoriadelesilles.org\/wordpress\/2014\/10\/08\/exposicio-dones-per-la-memoria-de-eberhard-grosske\/\">M\u00e9s<\/a><\/p>\n","protected":false},"author":1,"featured_media":0,"comment_status":"closed","ping_status":"closed","sticky":false,"template":"","format":"standard","meta":{"footnotes":""},"categories":[2,1],"tags":[],"class_list":["post-5690","post","type-post","status-publish","format-standard","hentry","category-noticies","category-uncategorized",""],"_links":{"self":[{"href":"https:\/\/memoriadelesilles.org\/wordpress\/wp-json\/wp\/v2\/posts\/5690","targetHints":{"allow":["GET"]}}],"collection":[{"href":"https:\/\/memoriadelesilles.org\/wordpress\/wp-json\/wp\/v2\/posts"}],"about":[{"href":"https:\/\/memoriadelesilles.org\/wordpress\/wp-json\/wp\/v2\/types\/post"}],"author":[{"embeddable":true,"href":"https:\/\/memoriadelesilles.org\/wordpress\/wp-json\/wp\/v2\/users\/1"}],"replies":[{"embeddable":true,"href":"https:\/\/memoriadelesilles.org\/wordpress\/wp-json\/wp\/v2\/comments?post=5690"}],"version-history":[{"count":0,"href":"https:\/\/memoriadelesilles.org\/wordpress\/wp-json\/wp\/v2\/posts\/5690\/revisions"}],"wp:attachment":[{"href":"https:\/\/memoriadelesilles.org\/wordpress\/wp-json\/wp\/v2\/media?parent=5690"}],"wp:term":[{"taxonomy":"category","embeddable":true,"href":"https:\/\/memoriadelesilles.org\/wordpress\/wp-json\/wp\/v2\/categories?post=5690"},{"taxonomy":"post_tag","embeddable":true,"href":"https:\/\/memoriadelesilles.org\/wordpress\/wp-json\/wp\/v2\/tags?post=5690"}],"curies":[{"name":"wp","href":"https:\/\/api.w.org\/{rel}","templated":true}]}}