{"id":5682,"date":"2014-10-03T20:59:59","date_gmt":"2014-10-03T20:59:59","guid":{"rendered":"http:\/\/www.memoriadelesilles.org\/wordpress\/?p=5682"},"modified":"2014-10-03T20:59:59","modified_gmt":"2014-10-03T20:59:59","slug":"podcast-de-memoria-de-mallorca-a-ona-mediterranea","status":"publish","type":"post","link":"https:\/\/memoriadelesilles.org\/wordpress\/2014\/10\/03\/podcast-de-memoria-de-mallorca-a-ona-mediterranea\/","title":{"rendered":"Podcast de Mem\u00f2ria de Mallorca a Ona Mediterr\u00e0nea"},"content":{"rendered":"<p style=\"color: #141823;\">Companys i companyes, aqu\u00ed teniu els tres primers enlla\u00e7os als \u00e0udios de Ona Mediterr\u00e0nia que cada dimarts, a les 11&#8217;15-11&#8217;30, dedica a recuperar la Mem\u00f2ria Hist\u00f2rica, dins el programa T\u00e8ntol (<a style=\"color: #3b5998;\" href=\"http:\/\/l.facebook.com\/l.php?u=http%3A%2F%2Fwww.onamediterrania.cat%2F&amp;h=8AQE4y3p_&amp;enc=AZNtuoKlEyHkFCJeY1fst3Eun320wXXcLagXQEiJSqVanSfNZWyIIStudGdRXa0PaouEUQJ_FRT0IOUS8_EQZ4-tOgL7WXxb_ppSFCIttoEEXIW1RGPt0NaToq2_3P-dSzZY9KPfGjzDOQytjS1vwVlR&amp;s=1\" target=\"_blank\" rel=\"nofollow\">www.onamediterrania.cat<\/a>) :<\/p>\n<p style=\"color: #141823;\">\nMaria Ant\u00f2nia Oliver, 16 de setembre, a partir del minut 1:21:57<br \/>\n<a style=\"color: #3b5998;\" href=\"http:\/\/www.ivoox.com\/tentol-14-09-16-audios-mp3_rf_3500343_1.html\" target=\"_blank\" rel=\"nofollow\">http:\/\/www.ivoox.com\/tentol-<wbr><\/wbr>14-09-16-audios-mp3_rf_<wbr><\/wbr>3500343_\u2026<\/a>&lt;<\/p>\n<div style=\"color: #141823;\">\n<p>Bel Antich, 23 de setembre, a partir del minut 1:24:20<br \/>\n<a style=\"color: #3b5998;\" href=\"http:\/\/www.ivoox.com\/tentol-14-09-23-audios-mp3_rf_3525431_1.html\" target=\"_blank\" rel=\"nofollow\">http:\/\/www.ivoox.com\/tentol-<wbr><\/wbr>14-09-23-audios-mp3_rf_<wbr><\/wbr>3525431_\u2026<\/a><\/p>\n<p>Tonina Mercadal, 30 de setembre, a partir del minut 1:20:45<br \/>\n<a style=\"color: #3b5998;\" href=\"http:\/\/www.ivoox.com\/tentol-14-09-30-dimarts-30-setembre-audios-mp3_rf_3552570_1.html\" target=\"_blank\" rel=\"nofollow\">http:\/\/www.ivoox.com\/tentol-<wbr><\/wbr>14-09-30-dimarts-30-setembre-<wbr><\/wbr>au\u2026<\/a>#<\/p>\n<\/div>\n","protected":false},"excerpt":{"rendered":"<p>Companys i companyes, aqu\u00ed teniu els tres primers enlla\u00e7os als \u00e0udios de Ona Mediterr\u00e0nia que cada dimarts, a les 11&#8217;15-11&#8217;30, &hellip; <a class=\"more-link\" href=\"https:\/\/memoriadelesilles.org\/wordpress\/2014\/10\/03\/podcast-de-memoria-de-mallorca-a-ona-mediterranea\/\">M\u00e9s<\/a><\/p>\n","protected":false},"author":1,"featured_media":0,"comment_status":"closed","ping_status":"closed","sticky":false,"template":"","format":"standard","meta":{"footnotes":""},"categories":[2,1],"tags":[],"class_list":["post-5682","post","type-post","status-publish","format-standard","hentry","category-noticies","category-uncategorized",""],"_links":{"self":[{"href":"https:\/\/memoriadelesilles.org\/wordpress\/wp-json\/wp\/v2\/posts\/5682","targetHints":{"allow":["GET"]}}],"collection":[{"href":"https:\/\/memoriadelesilles.org\/wordpress\/wp-json\/wp\/v2\/posts"}],"about":[{"href":"https:\/\/memoriadelesilles.org\/wordpress\/wp-json\/wp\/v2\/types\/post"}],"author":[{"embeddable":true,"href":"https:\/\/memoriadelesilles.org\/wordpress\/wp-json\/wp\/v2\/users\/1"}],"replies":[{"embeddable":true,"href":"https:\/\/memoriadelesilles.org\/wordpress\/wp-json\/wp\/v2\/comments?post=5682"}],"version-history":[{"count":0,"href":"https:\/\/memoriadelesilles.org\/wordpress\/wp-json\/wp\/v2\/posts\/5682\/revisions"}],"wp:attachment":[{"href":"https:\/\/memoriadelesilles.org\/wordpress\/wp-json\/wp\/v2\/media?parent=5682"}],"wp:term":[{"taxonomy":"category","embeddable":true,"href":"https:\/\/memoriadelesilles.org\/wordpress\/wp-json\/wp\/v2\/categories?post=5682"},{"taxonomy":"post_tag","embeddable":true,"href":"https:\/\/memoriadelesilles.org\/wordpress\/wp-json\/wp\/v2\/tags?post=5682"}],"curies":[{"name":"wp","href":"https:\/\/api.w.org\/{rel}","templated":true}]}}