{"id":5679,"date":"2014-10-03T20:58:02","date_gmt":"2014-10-03T20:58:02","guid":{"rendered":"http:\/\/www.memoriadelesilles.org\/wordpress\/?p=5679"},"modified":"2014-10-03T20:58:02","modified_gmt":"2014-10-03T20:58:02","slug":"parasceve-de-blai-bonet-al-teatre-mar-i-terra","status":"publish","type":"post","link":"https:\/\/memoriadelesilles.org\/wordpress\/2014\/10\/03\/parasceve-de-blai-bonet-al-teatre-mar-i-terra\/","title":{"rendered":"&#8216;Parasceve&#8217; de Blai Bonet al teatre Mar i Terra"},"content":{"rendered":"<p>Estimats companys,<br \/>\nens alegre poder anunciar-vos que el pr\u00f2xim dissabte 18 i diumenge 19 d&#8217;Octubre farem l\u00b4espectacle Parasceve de Blai Bonet al teatre Mar i Terra. Ser\u00e0 a les 20:00 H.<\/p>\n<p>El preu de l\u00b4entrada \u00e9s de 12 euros i per a grups de m\u00e9s de 6 persones es podr\u00e0 comprar nom\u00e9s anticipadament a 10 euros.<\/p>\n<div>\n<div style=\"color: #000000;\">\n<div style=\"color: #000000;\">V\u00eddeo resum de l\u00b4espectacle a\u00a0<a style=\"color: #1155cc;\" href=\"http:\/\/www.tshock.org\/\" target=\"_blank\">www.tshock.org<\/a><\/div>\n<div style=\"color: #000000;\">Facebook:\u00a0<a style=\"color: #1155cc;\" href=\"https:\/\/www.facebook.com\/pages\/Parasceve-de-Blai-Bonet\/249851691784663?fref=ts\" target=\"_blank\">https:\/\/www.<wbr><\/wbr>facebook.com\/pages\/Parasceve-<wbr><\/wbr>de-Blai-Bonet\/249851691784663?<wbr><\/wbr>fref=ts<\/a><\/div>\n<div style=\"color: #000000;\"><a href=\"http:\/\/www.memoriadelesilles.org\/wordpress\/wp-content\/uploads\/2014\/10\/PARASCEVE-CAT-1.jpg\"><img loading=\"lazy\" decoding=\"async\" class=\"alignnone size-large wp-image-5680\" src=\"http:\/\/www.memoriadelesilles.org\/wordpress\/wp-content\/uploads\/2014\/10\/PARASCEVE-CAT-1-768x1024.jpg\" alt=\"PARASCEVE CAT\" width=\"584\" height=\"778\" \/><\/a><\/div>\n<p>&nbsp;<\/p>\n<div class=\"yj6qo\" style=\"color: #000000;\"><\/div>\n<div class=\"adL\" style=\"color: #000000;\"><\/div>\n<\/div>\n<\/div>\n","protected":false},"excerpt":{"rendered":"<p>Estimats companys, ens alegre poder anunciar-vos que el pr\u00f2xim dissabte 18 i diumenge 19 d&#8217;Octubre farem l\u00b4espectacle Parasceve de Blai &hellip; <a class=\"more-link\" href=\"https:\/\/memoriadelesilles.org\/wordpress\/2014\/10\/03\/parasceve-de-blai-bonet-al-teatre-mar-i-terra\/\">M\u00e9s<\/a><\/p>\n","protected":false},"author":1,"featured_media":0,"comment_status":"closed","ping_status":"closed","sticky":false,"template":"","format":"standard","meta":{"footnotes":""},"categories":[2,1],"tags":[],"class_list":["post-5679","post","type-post","status-publish","format-standard","hentry","category-noticies","category-uncategorized",""],"_links":{"self":[{"href":"https:\/\/memoriadelesilles.org\/wordpress\/wp-json\/wp\/v2\/posts\/5679","targetHints":{"allow":["GET"]}}],"collection":[{"href":"https:\/\/memoriadelesilles.org\/wordpress\/wp-json\/wp\/v2\/posts"}],"about":[{"href":"https:\/\/memoriadelesilles.org\/wordpress\/wp-json\/wp\/v2\/types\/post"}],"author":[{"embeddable":true,"href":"https:\/\/memoriadelesilles.org\/wordpress\/wp-json\/wp\/v2\/users\/1"}],"replies":[{"embeddable":true,"href":"https:\/\/memoriadelesilles.org\/wordpress\/wp-json\/wp\/v2\/comments?post=5679"}],"version-history":[{"count":0,"href":"https:\/\/memoriadelesilles.org\/wordpress\/wp-json\/wp\/v2\/posts\/5679\/revisions"}],"wp:attachment":[{"href":"https:\/\/memoriadelesilles.org\/wordpress\/wp-json\/wp\/v2\/media?parent=5679"}],"wp:term":[{"taxonomy":"category","embeddable":true,"href":"https:\/\/memoriadelesilles.org\/wordpress\/wp-json\/wp\/v2\/categories?post=5679"},{"taxonomy":"post_tag","embeddable":true,"href":"https:\/\/memoriadelesilles.org\/wordpress\/wp-json\/wp\/v2\/tags?post=5679"}],"curies":[{"name":"wp","href":"https:\/\/api.w.org\/{rel}","templated":true}]}}