{"id":5649,"date":"2014-10-01T09:10:27","date_gmt":"2014-10-01T09:10:27","guid":{"rendered":"http:\/\/www.memoriadelesilles.org\/wordpress\/?p=5649"},"modified":"2014-10-01T09:10:27","modified_gmt":"2014-10-01T09:10:27","slug":"4-octubre-10o-concentracio-veritat-justicia-reparacio","status":"publish","type":"post","link":"https:\/\/memoriadelesilles.org\/wordpress\/2014\/10\/01\/4-octubre-10o-concentracio-veritat-justicia-reparacio\/","title":{"rendered":"4 octubre, 10\u00ba Concentraci\u00f3: Veritat Just\u00edcia Reparaci\u00f3"},"content":{"rendered":"<div style=\"color: #222222;\"><span style=\"color: #37404e; font-family: Helvetica, Arial, 'lucida grande', tahoma, verdana, arial, sans-serif;\">Com cada primer dissabte de mes, el proper dia 4 d&#8217;octubre<\/span><span style=\"color: #37404e;\">, a les 12 hores, a la Pla\u00e7a Major de Palma, ens concentrarem per exigir Veritat, Just\u00edcia\u00a0i\u00a0Reparaci\u00f3.\u00a0<\/span><\/div>\n<p><a href=\"http:\/\/www.memoriadelesilles.org\/wordpress\/wp-content\/uploads\/2014\/10\/CONCENTYRACI\u00d3-OCTUBRE.jpg\"><img loading=\"lazy\" decoding=\"async\" class=\"alignnone size-full wp-image-5650\" src=\"http:\/\/www.memoriadelesilles.org\/wordpress\/wp-content\/uploads\/2014\/10\/CONCENTYRACI\u00d3-OCTUBRE.jpg\" alt=\"CONCENTYRACI\u00d3 OCTUBRE\" width=\"678\" height=\"960\" \/><\/a><\/p>\n","protected":false},"excerpt":{"rendered":"<p>Com cada primer dissabte de mes, el proper dia 4 d&#8217;octubre, a les 12 hores, a la Pla\u00e7a Major de &hellip; <a class=\"more-link\" href=\"https:\/\/memoriadelesilles.org\/wordpress\/2014\/10\/01\/4-octubre-10o-concentracio-veritat-justicia-reparacio\/\">M\u00e9s<\/a><\/p>\n","protected":false},"author":1,"featured_media":0,"comment_status":"closed","ping_status":"closed","sticky":false,"template":"","format":"standard","meta":{"footnotes":""},"categories":[2,1],"tags":[],"class_list":["post-5649","post","type-post","status-publish","format-standard","hentry","category-noticies","category-uncategorized",""],"_links":{"self":[{"href":"https:\/\/memoriadelesilles.org\/wordpress\/wp-json\/wp\/v2\/posts\/5649","targetHints":{"allow":["GET"]}}],"collection":[{"href":"https:\/\/memoriadelesilles.org\/wordpress\/wp-json\/wp\/v2\/posts"}],"about":[{"href":"https:\/\/memoriadelesilles.org\/wordpress\/wp-json\/wp\/v2\/types\/post"}],"author":[{"embeddable":true,"href":"https:\/\/memoriadelesilles.org\/wordpress\/wp-json\/wp\/v2\/users\/1"}],"replies":[{"embeddable":true,"href":"https:\/\/memoriadelesilles.org\/wordpress\/wp-json\/wp\/v2\/comments?post=5649"}],"version-history":[{"count":0,"href":"https:\/\/memoriadelesilles.org\/wordpress\/wp-json\/wp\/v2\/posts\/5649\/revisions"}],"wp:attachment":[{"href":"https:\/\/memoriadelesilles.org\/wordpress\/wp-json\/wp\/v2\/media?parent=5649"}],"wp:term":[{"taxonomy":"category","embeddable":true,"href":"https:\/\/memoriadelesilles.org\/wordpress\/wp-json\/wp\/v2\/categories?post=5649"},{"taxonomy":"post_tag","embeddable":true,"href":"https:\/\/memoriadelesilles.org\/wordpress\/wp-json\/wp\/v2\/tags?post=5649"}],"curies":[{"name":"wp","href":"https:\/\/api.w.org\/{rel}","templated":true}]}}