{"id":5616,"date":"2014-09-23T08:57:37","date_gmt":"2014-09-23T08:57:37","guid":{"rendered":"http:\/\/www.memoriadelesilles.org\/wordpress\/?p=5616"},"modified":"2014-09-23T08:57:37","modified_gmt":"2014-09-23T08:57:37","slug":"5616","status":"publish","type":"post","link":"https:\/\/memoriadelesilles.org\/wordpress\/2014\/09\/23\/5616\/","title":{"rendered":"Mem\u00f2ria de Mallorca tots els dimars a Ona Mediterr\u00e0nea"},"content":{"rendered":"<p><span style=\"color: #222222;\">Vos informam que tots els dimarts a les 11&#8217;15-11&#8217;30 hores, Ona Mediterr\u00e0nia, emet un programa dedicat a la Recuperaci\u00f3 de la Mem\u00f2ria Hist\u00f2rica, comen\u00e7aren dimarts passat amb una entrevista a la Presidenta de Mem\u00f2ria de Mallorca, Maria Ant\u00f2nia Oliver Paris. Dem\u00e0 est\u00e0 prevista una entrevista a un familiar de una v\u00edctima que tamb\u00e9 treballa per recuperar la seva mem\u00f2ria i la del seu poble.\u00a0<\/span><\/p>\n<p>M\u00e9s info a http:\/\/www.onamediterrania.cat\/<\/p>\n<p>Els podcasts els podreu escoltar a:<br \/>\nhttp:\/\/www.ivoox.com\/escuchar-ona-mediterrania_nq_63455_1.html<\/p>\n","protected":false},"excerpt":{"rendered":"<p>Vos informam que tots els dimarts a les 11&#8217;15-11&#8217;30 hores, Ona Mediterr\u00e0nia, emet un programa dedicat a la Recuperaci\u00f3 de &hellip; <a class=\"more-link\" href=\"https:\/\/memoriadelesilles.org\/wordpress\/2014\/09\/23\/5616\/\">M\u00e9s<\/a><\/p>\n","protected":false},"author":1,"featured_media":0,"comment_status":"closed","ping_status":"closed","sticky":false,"template":"","format":"standard","meta":{"footnotes":""},"categories":[2,1],"tags":[],"class_list":["post-5616","post","type-post","status-publish","format-standard","hentry","category-noticies","category-uncategorized",""],"_links":{"self":[{"href":"https:\/\/memoriadelesilles.org\/wordpress\/wp-json\/wp\/v2\/posts\/5616","targetHints":{"allow":["GET"]}}],"collection":[{"href":"https:\/\/memoriadelesilles.org\/wordpress\/wp-json\/wp\/v2\/posts"}],"about":[{"href":"https:\/\/memoriadelesilles.org\/wordpress\/wp-json\/wp\/v2\/types\/post"}],"author":[{"embeddable":true,"href":"https:\/\/memoriadelesilles.org\/wordpress\/wp-json\/wp\/v2\/users\/1"}],"replies":[{"embeddable":true,"href":"https:\/\/memoriadelesilles.org\/wordpress\/wp-json\/wp\/v2\/comments?post=5616"}],"version-history":[{"count":0,"href":"https:\/\/memoriadelesilles.org\/wordpress\/wp-json\/wp\/v2\/posts\/5616\/revisions"}],"wp:attachment":[{"href":"https:\/\/memoriadelesilles.org\/wordpress\/wp-json\/wp\/v2\/media?parent=5616"}],"wp:term":[{"taxonomy":"category","embeddable":true,"href":"https:\/\/memoriadelesilles.org\/wordpress\/wp-json\/wp\/v2\/categories?post=5616"},{"taxonomy":"post_tag","embeddable":true,"href":"https:\/\/memoriadelesilles.org\/wordpress\/wp-json\/wp\/v2\/tags?post=5616"}],"curies":[{"name":"wp","href":"https:\/\/api.w.org\/{rel}","templated":true}]}}