{"id":5612,"date":"2014-09-18T10:30:32","date_gmt":"2014-09-18T10:30:32","guid":{"rendered":"http:\/\/www.memoriadelesilles.org\/wordpress\/?p=5612"},"modified":"2014-09-18T10:30:32","modified_gmt":"2014-09-18T10:30:32","slug":"5612","status":"publish","type":"post","link":"https:\/\/memoriadelesilles.org\/wordpress\/2014\/09\/18\/5612\/","title":{"rendered":"Homenatge als republicans assassinats a Sencelles"},"content":{"rendered":"<div style=\"color: #222222;\"><span style=\"color: #37404e;\">Homenatge als republicans assassinats l&#8217;estiu de 1936 a Sencelles. Enguany es far\u00e0 especialment dedicat a Pilar S\u00e1nchez, assassinada en aquest indret el setembre de 1936.<\/span><\/div>\n<p><span style=\"color: #37404e;\">Es projectar\u00e0 la pel\u00b7l\u00edcula &#8216;Kamchatka&#8217;.<\/span><br style=\"color: #37404e;\" \/><span style=\"color: #37404e;\">Pel\u00edcula Argentino-espanyola dram\u00e0<\/span><span style=\"color: #37404e;\">tica de 2002. La hist\u00f2ria succeeix durant l&#8217;\u00faltima dictadura c\u00edvic-militar (1976-1983). Davant les desaparicions i assassinats comesos per aquesta, una fam\u00edlia decideix recloure en una finca allunyada de la ciutat. Els successos estan vistos des dels ulls d&#8217;Harry, el fill major de 10 anys, que rep tot el que est\u00e0 succeint mitjan\u00e7ant codis que maneja amb els seus pares&#8230;<\/span><\/p>\n<p><a href=\"http:\/\/www.memoriadelesilles.org\/wordpress\/wp-content\/uploads\/2014\/09\/Cartell-1.jpg\"><img loading=\"lazy\" decoding=\"async\" class=\"alignnone size-full wp-image-5613\" src=\"http:\/\/www.memoriadelesilles.org\/wordpress\/wp-content\/uploads\/2014\/09\/Cartell-1.jpg\" alt=\"Cartell (1)\" width=\"701\" height=\"509\" \/><\/a><\/p>\n","protected":false},"excerpt":{"rendered":"<p>Homenatge als republicans assassinats l&#8217;estiu de 1936 a Sencelles. Enguany es far\u00e0 especialment dedicat a Pilar S\u00e1nchez, assassinada en aquest &hellip; <a class=\"more-link\" href=\"https:\/\/memoriadelesilles.org\/wordpress\/2014\/09\/18\/5612\/\">M\u00e9s<\/a><\/p>\n","protected":false},"author":1,"featured_media":0,"comment_status":"closed","ping_status":"closed","sticky":false,"template":"","format":"standard","meta":{"footnotes":""},"categories":[2,1],"tags":[],"class_list":["post-5612","post","type-post","status-publish","format-standard","hentry","category-noticies","category-uncategorized",""],"_links":{"self":[{"href":"https:\/\/memoriadelesilles.org\/wordpress\/wp-json\/wp\/v2\/posts\/5612","targetHints":{"allow":["GET"]}}],"collection":[{"href":"https:\/\/memoriadelesilles.org\/wordpress\/wp-json\/wp\/v2\/posts"}],"about":[{"href":"https:\/\/memoriadelesilles.org\/wordpress\/wp-json\/wp\/v2\/types\/post"}],"author":[{"embeddable":true,"href":"https:\/\/memoriadelesilles.org\/wordpress\/wp-json\/wp\/v2\/users\/1"}],"replies":[{"embeddable":true,"href":"https:\/\/memoriadelesilles.org\/wordpress\/wp-json\/wp\/v2\/comments?post=5612"}],"version-history":[{"count":0,"href":"https:\/\/memoriadelesilles.org\/wordpress\/wp-json\/wp\/v2\/posts\/5612\/revisions"}],"wp:attachment":[{"href":"https:\/\/memoriadelesilles.org\/wordpress\/wp-json\/wp\/v2\/media?parent=5612"}],"wp:term":[{"taxonomy":"category","embeddable":true,"href":"https:\/\/memoriadelesilles.org\/wordpress\/wp-json\/wp\/v2\/categories?post=5612"},{"taxonomy":"post_tag","embeddable":true,"href":"https:\/\/memoriadelesilles.org\/wordpress\/wp-json\/wp\/v2\/tags?post=5612"}],"curies":[{"name":"wp","href":"https:\/\/api.w.org\/{rel}","templated":true}]}}