{"id":5609,"date":"2014-09-18T07:43:26","date_gmt":"2014-09-18T07:43:26","guid":{"rendered":"http:\/\/www.memoriadelesilles.org\/wordpress\/?p=5609"},"modified":"2014-09-18T07:43:26","modified_gmt":"2014-09-18T07:43:26","slug":"teatre-dels-llargs-camins-a-porreres","status":"publish","type":"post","link":"https:\/\/memoriadelesilles.org\/wordpress\/2014\/09\/18\/teatre-dels-llargs-camins-a-porreres\/","title":{"rendered":"Teatre: &#8220;Dels llargs camins&#8221; a Porreres"},"content":{"rendered":"<p><span style=\"color: #222222;\">Dia 27 de setembre, es representa a Porreres l&#8217;obra de teatre: &#8220;Dels llargs camins&#8221; , la hist\u00f2ria del batle republic\u00e0 Boira i dels escondits d&#8217;Art\u00e0, de Jaume Mir\u00f3, amb la direcci\u00f3 de Jaume M. Abinyana.<\/span><\/p>\n<div class=\"gmail_quote\" style=\"color: #222222;\">En el cartell adjunt hi trobareu tota la informaci\u00f3.<\/div>\n<p><a href=\"http:\/\/www.memoriadelesilles.org\/wordpress\/wp-content\/uploads\/2014\/09\/IMG-20140917-WA0000.jpg\"><img loading=\"lazy\" decoding=\"async\" class=\"alignnone size-full wp-image-5610\" src=\"http:\/\/www.memoriadelesilles.org\/wordpress\/wp-content\/uploads\/2014\/09\/IMG-20140917-WA0000.jpg\" alt=\"IMG-20140917-WA0000\" width=\"480\" height=\"995\" \/><\/a><\/p>\n","protected":false},"excerpt":{"rendered":"<p>Dia 27 de setembre, es representa a Porreres l&#8217;obra de teatre: &#8220;Dels llargs camins&#8221; , la hist\u00f2ria del batle republic\u00e0 &hellip; <a class=\"more-link\" href=\"https:\/\/memoriadelesilles.org\/wordpress\/2014\/09\/18\/teatre-dels-llargs-camins-a-porreres\/\">M\u00e9s<\/a><\/p>\n","protected":false},"author":1,"featured_media":0,"comment_status":"closed","ping_status":"closed","sticky":false,"template":"","format":"standard","meta":{"footnotes":""},"categories":[2,1],"tags":[],"class_list":["post-5609","post","type-post","status-publish","format-standard","hentry","category-noticies","category-uncategorized",""],"_links":{"self":[{"href":"https:\/\/memoriadelesilles.org\/wordpress\/wp-json\/wp\/v2\/posts\/5609","targetHints":{"allow":["GET"]}}],"collection":[{"href":"https:\/\/memoriadelesilles.org\/wordpress\/wp-json\/wp\/v2\/posts"}],"about":[{"href":"https:\/\/memoriadelesilles.org\/wordpress\/wp-json\/wp\/v2\/types\/post"}],"author":[{"embeddable":true,"href":"https:\/\/memoriadelesilles.org\/wordpress\/wp-json\/wp\/v2\/users\/1"}],"replies":[{"embeddable":true,"href":"https:\/\/memoriadelesilles.org\/wordpress\/wp-json\/wp\/v2\/comments?post=5609"}],"version-history":[{"count":0,"href":"https:\/\/memoriadelesilles.org\/wordpress\/wp-json\/wp\/v2\/posts\/5609\/revisions"}],"wp:attachment":[{"href":"https:\/\/memoriadelesilles.org\/wordpress\/wp-json\/wp\/v2\/media?parent=5609"}],"wp:term":[{"taxonomy":"category","embeddable":true,"href":"https:\/\/memoriadelesilles.org\/wordpress\/wp-json\/wp\/v2\/categories?post=5609"},{"taxonomy":"post_tag","embeddable":true,"href":"https:\/\/memoriadelesilles.org\/wordpress\/wp-json\/wp\/v2\/tags?post=5609"}],"curies":[{"name":"wp","href":"https:\/\/api.w.org\/{rel}","templated":true}]}}