{"id":5496,"date":"2014-08-20T12:55:37","date_gmt":"2014-08-20T12:55:37","guid":{"rendered":"http:\/\/www.memoriadelesilles.org\/wordpress\/?p=5496"},"modified":"2014-08-20T12:55:37","modified_gmt":"2014-08-20T12:55:37","slug":"acte-homenatge-a-les-victimes-de-puigpunyent-a-calvia","status":"publish","type":"post","link":"https:\/\/memoriadelesilles.org\/wordpress\/2014\/08\/20\/acte-homenatge-a-les-victimes-de-puigpunyent-a-calvia\/","title":{"rendered":"Acte homenatge a les v\u00edctimes de Puigpunyent a Calvi\u00e0."},"content":{"rendered":"<div style=\"color: #222222;\"><span style=\"color: #37404e; font-family: Helvetica, Arial, 'lucida grande', tahoma, verdana, arial, sans-serif;\">Aquest proper dissabte ,dia 23,a les 20.30h al cementiri de Calvi\u00e0, la gent de Puigpunyent \u00a0anir\u00e0\u00a0<\/span><span style=\"color: #37404e;\">\u00a0a retre homenatge a JOAN FERR\u00c0 i CRIST\u00d2FOL\u00a0BARCEL\u00d3<\/span><span style=\"color: #37404e;\">\u00a0assassinats en\u00a0aquest indret el 23 d\u00b4agost de 1936.<\/span><\/div>\n<div style=\"color: #222222;\"><span style=\"color: #37404e; font-family: Helvetica, Arial, 'lucida grande', tahoma, verdana, arial, sans-serif;\">Es far\u00e0\u00a0la ja tradicional\u00a0caminada des de Puigpunyent al cementiri de Calvi\u00e0 i all\u00e0, a la fossa clandestina on hi foren enterrats, es far\u00e0 l&#8217;acte homenatge a ells i a totes les persones que a ran del cop d&#8217;estat feixista hi foren assassinades i enterrades.<\/span><\/div>\n","protected":false},"excerpt":{"rendered":"<p>Aquest proper dissabte ,dia 23,a les 20.30h al cementiri de Calvi\u00e0, la gent de Puigpunyent \u00a0anir\u00e0\u00a0\u00a0a retre homenatge a JOAN &hellip; <a class=\"more-link\" href=\"https:\/\/memoriadelesilles.org\/wordpress\/2014\/08\/20\/acte-homenatge-a-les-victimes-de-puigpunyent-a-calvia\/\">M\u00e9s<\/a><\/p>\n","protected":false},"author":1,"featured_media":0,"comment_status":"closed","ping_status":"closed","sticky":false,"template":"","format":"standard","meta":{"footnotes":""},"categories":[2,1],"tags":[],"class_list":["post-5496","post","type-post","status-publish","format-standard","hentry","category-noticies","category-uncategorized",""],"_links":{"self":[{"href":"https:\/\/memoriadelesilles.org\/wordpress\/wp-json\/wp\/v2\/posts\/5496","targetHints":{"allow":["GET"]}}],"collection":[{"href":"https:\/\/memoriadelesilles.org\/wordpress\/wp-json\/wp\/v2\/posts"}],"about":[{"href":"https:\/\/memoriadelesilles.org\/wordpress\/wp-json\/wp\/v2\/types\/post"}],"author":[{"embeddable":true,"href":"https:\/\/memoriadelesilles.org\/wordpress\/wp-json\/wp\/v2\/users\/1"}],"replies":[{"embeddable":true,"href":"https:\/\/memoriadelesilles.org\/wordpress\/wp-json\/wp\/v2\/comments?post=5496"}],"version-history":[{"count":0,"href":"https:\/\/memoriadelesilles.org\/wordpress\/wp-json\/wp\/v2\/posts\/5496\/revisions"}],"wp:attachment":[{"href":"https:\/\/memoriadelesilles.org\/wordpress\/wp-json\/wp\/v2\/media?parent=5496"}],"wp:term":[{"taxonomy":"category","embeddable":true,"href":"https:\/\/memoriadelesilles.org\/wordpress\/wp-json\/wp\/v2\/categories?post=5496"},{"taxonomy":"post_tag","embeddable":true,"href":"https:\/\/memoriadelesilles.org\/wordpress\/wp-json\/wp\/v2\/tags?post=5496"}],"curies":[{"name":"wp","href":"https:\/\/api.w.org\/{rel}","templated":true}]}}