{"id":5378,"date":"2014-07-20T17:16:38","date_gmt":"2014-07-20T17:16:38","guid":{"rendered":"http:\/\/www.memoriadelesilles.org\/wordpress\/?p=5378"},"modified":"2014-07-20T17:16:38","modified_gmt":"2014-07-20T17:16:38","slug":"temps-de-la-memoria-no30","status":"publish","type":"post","link":"https:\/\/memoriadelesilles.org\/wordpress\/2014\/07\/20\/temps-de-la-memoria-no30\/","title":{"rendered":"Revista Temps de la Mem\u00f2ria n\u00ba30"},"content":{"rendered":"<p><a href=\"http:\/\/www.memoriadelesilles.org\/wordpress\/wp-content\/uploads\/2014\/07\/temps30.png\"><img loading=\"lazy\" decoding=\"async\" class=\"alignnone size-full wp-image-5381\" src=\"http:\/\/www.memoriadelesilles.org\/wordpress\/wp-content\/uploads\/2014\/07\/temps30.png\" alt=\"temps30\" width=\"759\" height=\"292\" \/><\/a><\/p>\n<p>Podreu descarregar-la del seg\u00fcent enllaa\u00e7:\u00a0<a href=\"http:\/\/www.memoriadelesilles.org\/wordpress\/wp-content\/uploads\/2014\/07\/MdM-revista-30.pdf\">MdM revista 30<\/a><\/p>\n<p>En aquesta revista podreu coneixer en detall el proc\u00e9s de la primera exhumaci\u00f3 de v\u00edctimes del franquisme feta a Mallorca.<\/p>\n","protected":false},"excerpt":{"rendered":"<p>Podreu descarregar-la del seg\u00fcent enllaa\u00e7:\u00a0MdM revista 30 En aquesta revista podreu coneixer en detall el proc\u00e9s de la primera exhumaci\u00f3 &hellip; <a class=\"more-link\" href=\"https:\/\/memoriadelesilles.org\/wordpress\/2014\/07\/20\/temps-de-la-memoria-no30\/\">M\u00e9s<\/a><\/p>\n","protected":false},"author":1,"featured_media":0,"comment_status":"closed","ping_status":"closed","sticky":false,"template":"","format":"standard","meta":{"footnotes":""},"categories":[2,1],"tags":[],"class_list":["post-5378","post","type-post","status-publish","format-standard","hentry","category-noticies","category-uncategorized",""],"_links":{"self":[{"href":"https:\/\/memoriadelesilles.org\/wordpress\/wp-json\/wp\/v2\/posts\/5378","targetHints":{"allow":["GET"]}}],"collection":[{"href":"https:\/\/memoriadelesilles.org\/wordpress\/wp-json\/wp\/v2\/posts"}],"about":[{"href":"https:\/\/memoriadelesilles.org\/wordpress\/wp-json\/wp\/v2\/types\/post"}],"author":[{"embeddable":true,"href":"https:\/\/memoriadelesilles.org\/wordpress\/wp-json\/wp\/v2\/users\/1"}],"replies":[{"embeddable":true,"href":"https:\/\/memoriadelesilles.org\/wordpress\/wp-json\/wp\/v2\/comments?post=5378"}],"version-history":[{"count":0,"href":"https:\/\/memoriadelesilles.org\/wordpress\/wp-json\/wp\/v2\/posts\/5378\/revisions"}],"wp:attachment":[{"href":"https:\/\/memoriadelesilles.org\/wordpress\/wp-json\/wp\/v2\/media?parent=5378"}],"wp:term":[{"taxonomy":"category","embeddable":true,"href":"https:\/\/memoriadelesilles.org\/wordpress\/wp-json\/wp\/v2\/categories?post=5378"},{"taxonomy":"post_tag","embeddable":true,"href":"https:\/\/memoriadelesilles.org\/wordpress\/wp-json\/wp\/v2\/tags?post=5378"}],"curies":[{"name":"wp","href":"https:\/\/api.w.org\/{rel}","templated":true}]}}