{"id":5306,"date":"2014-07-02T14:27:32","date_gmt":"2014-07-02T14:27:32","guid":{"rendered":"http:\/\/www.memoriadelesilles.org\/wordpress\/?p=5306"},"modified":"2014-07-02T14:27:32","modified_gmt":"2014-07-02T14:27:32","slug":"7concentracio-veritat-justicia-i-reparacio","status":"publish","type":"post","link":"https:\/\/memoriadelesilles.org\/wordpress\/2014\/07\/02\/7concentracio-veritat-justicia-i-reparacio\/","title":{"rendered":"7a Concentraci\u00f3: Veritat Just\u00edcia i Reparaci\u00f3"},"content":{"rendered":"<div style=\"color: #222222;\"><a href=\"http:\/\/www.memoriadelesilles.org\/wordpress\/wp-content\/uploads\/2014\/07\/Cartell-Concentra-Juliol.jpg\"><img loading=\"lazy\" decoding=\"async\" class=\"alignnone size-full wp-image-5307\" src=\"http:\/\/www.memoriadelesilles.org\/wordpress\/wp-content\/uploads\/2014\/07\/Cartell-Concentra-Juliol.jpg\" alt=\"Cartell Concentra Juliol\" width=\"517\" height=\"731\" \/><\/a>Com cada primer dissabte de mes,\u00a0<b>el proper dissabte, 5 de juliol, a les 12 hores, a la Pla\u00e7a Major de Palma<\/b>, ens concentrarem per exigir:<\/div>\n<div style=\"color: #222222;\">VERITAT, JUST\u00cdCIA I REPARACI\u00d3<\/div>\n","protected":false},"excerpt":{"rendered":"<p>Com cada primer dissabte de mes,\u00a0el proper dissabte, 5 de juliol, a les 12 hores, a la Pla\u00e7a Major de &hellip; <a class=\"more-link\" href=\"https:\/\/memoriadelesilles.org\/wordpress\/2014\/07\/02\/7concentracio-veritat-justicia-i-reparacio\/\">M\u00e9s<\/a><\/p>\n","protected":false},"author":1,"featured_media":0,"comment_status":"closed","ping_status":"closed","sticky":false,"template":"","format":"standard","meta":{"footnotes":""},"categories":[2,1],"tags":[],"class_list":["post-5306","post","type-post","status-publish","format-standard","hentry","category-noticies","category-uncategorized",""],"_links":{"self":[{"href":"https:\/\/memoriadelesilles.org\/wordpress\/wp-json\/wp\/v2\/posts\/5306","targetHints":{"allow":["GET"]}}],"collection":[{"href":"https:\/\/memoriadelesilles.org\/wordpress\/wp-json\/wp\/v2\/posts"}],"about":[{"href":"https:\/\/memoriadelesilles.org\/wordpress\/wp-json\/wp\/v2\/types\/post"}],"author":[{"embeddable":true,"href":"https:\/\/memoriadelesilles.org\/wordpress\/wp-json\/wp\/v2\/users\/1"}],"replies":[{"embeddable":true,"href":"https:\/\/memoriadelesilles.org\/wordpress\/wp-json\/wp\/v2\/comments?post=5306"}],"version-history":[{"count":0,"href":"https:\/\/memoriadelesilles.org\/wordpress\/wp-json\/wp\/v2\/posts\/5306\/revisions"}],"wp:attachment":[{"href":"https:\/\/memoriadelesilles.org\/wordpress\/wp-json\/wp\/v2\/media?parent=5306"}],"wp:term":[{"taxonomy":"category","embeddable":true,"href":"https:\/\/memoriadelesilles.org\/wordpress\/wp-json\/wp\/v2\/categories?post=5306"},{"taxonomy":"post_tag","embeddable":true,"href":"https:\/\/memoriadelesilles.org\/wordpress\/wp-json\/wp\/v2\/tags?post=5306"}],"curies":[{"name":"wp","href":"https:\/\/api.w.org\/{rel}","templated":true}]}}