{"id":5222,"date":"2014-06-11T22:41:38","date_gmt":"2014-06-11T22:41:38","guid":{"rendered":"http:\/\/www.memoriadelesilles.org\/wordpress\/?p=5222"},"modified":"2014-06-11T22:41:38","modified_gmt":"2014-06-11T22:41:38","slug":"presentacio-del-llibre-dona-pepita-memorias-de-una-maestra-represaliada-en-felanitx-durante-la-guerra-civil","status":"publish","type":"post","link":"https:\/\/memoriadelesilles.org\/wordpress\/2014\/06\/11\/presentacio-del-llibre-dona-pepita-memorias-de-una-maestra-represaliada-en-felanitx-durante-la-guerra-civil\/","title":{"rendered":"Presentaci\u00f3 del llibre &#8220;Do\u00f1a Pepita. Memorias de una maestra represaliada en Felanitx durante la Guerra Civil&#8221;"},"content":{"rendered":"<p>Presentaci\u00f3 del llibre &#8220;Do\u00f1a Pepita. Memorias de una maestra represaliada en Felanitx durante la Guerra Civil&#8221; de JOSEFA GARC\u00cdA MART\u00cdNEZ<\/p>\n<p>L&#8217;acte tindr\u00e0 lloc dimarts dia 17 de juny de 2014, a les 20.00 h a la sala d\u2019actes de la Casa de Cultura de Can Prohens (Pla\u00e7a de Sa Font de Santa Margalida, 3, de Felanitx)<\/p>\n<p>Hi intervindran: Manel Suarez i Salv\u00e0, vicepresident de l\u2019Assaciaci\u00f3 Mem\u00f2ria de Mallorca i Jaume Santandreu, escriptor. Moderar\u00e0 l\u2019acte Lleonard Muntaner, editor.<\/p>\n<p><a href=\"http:\/\/www.memoriadelesilles.org\/wordpress\/wp-content\/uploads\/2014\/06\/Do\u00f1a-Pepita-RGB.jpg\"><img loading=\"lazy\" decoding=\"async\" class=\"alignnone size-large wp-image-5223\" src=\"http:\/\/www.memoriadelesilles.org\/wordpress\/wp-content\/uploads\/2014\/06\/Do\u00f1a-Pepita-RGB-732x1024.jpg\" alt=\"Do\u00f1a Pepita RGB\" width=\"584\" height=\"816\" \/><\/a><\/p>\n","protected":false},"excerpt":{"rendered":"<p>Presentaci\u00f3 del llibre &#8220;Do\u00f1a Pepita. Memorias de una maestra represaliada en Felanitx durante la Guerra Civil&#8221; de JOSEFA GARC\u00cdA MART\u00cdNEZ &hellip; <a class=\"more-link\" href=\"https:\/\/memoriadelesilles.org\/wordpress\/2014\/06\/11\/presentacio-del-llibre-dona-pepita-memorias-de-una-maestra-represaliada-en-felanitx-durante-la-guerra-civil\/\">M\u00e9s<\/a><\/p>\n","protected":false},"author":1,"featured_media":0,"comment_status":"closed","ping_status":"closed","sticky":false,"template":"","format":"standard","meta":{"footnotes":""},"categories":[2,1],"tags":[],"class_list":["post-5222","post","type-post","status-publish","format-standard","hentry","category-noticies","category-uncategorized",""],"_links":{"self":[{"href":"https:\/\/memoriadelesilles.org\/wordpress\/wp-json\/wp\/v2\/posts\/5222","targetHints":{"allow":["GET"]}}],"collection":[{"href":"https:\/\/memoriadelesilles.org\/wordpress\/wp-json\/wp\/v2\/posts"}],"about":[{"href":"https:\/\/memoriadelesilles.org\/wordpress\/wp-json\/wp\/v2\/types\/post"}],"author":[{"embeddable":true,"href":"https:\/\/memoriadelesilles.org\/wordpress\/wp-json\/wp\/v2\/users\/1"}],"replies":[{"embeddable":true,"href":"https:\/\/memoriadelesilles.org\/wordpress\/wp-json\/wp\/v2\/comments?post=5222"}],"version-history":[{"count":0,"href":"https:\/\/memoriadelesilles.org\/wordpress\/wp-json\/wp\/v2\/posts\/5222\/revisions"}],"wp:attachment":[{"href":"https:\/\/memoriadelesilles.org\/wordpress\/wp-json\/wp\/v2\/media?parent=5222"}],"wp:term":[{"taxonomy":"category","embeddable":true,"href":"https:\/\/memoriadelesilles.org\/wordpress\/wp-json\/wp\/v2\/categories?post=5222"},{"taxonomy":"post_tag","embeddable":true,"href":"https:\/\/memoriadelesilles.org\/wordpress\/wp-json\/wp\/v2\/tags?post=5222"}],"curies":[{"name":"wp","href":"https:\/\/api.w.org\/{rel}","templated":true}]}}