{"id":5186,"date":"2014-06-04T14:30:17","date_gmt":"2014-06-04T14:30:17","guid":{"rendered":"http:\/\/www.memoriadelesilles.org\/wordpress\/?p=5186"},"modified":"2014-06-04T14:30:17","modified_gmt":"2014-06-04T14:30:17","slug":"6a-concentracio-veritat-justicia-i-reparacio","status":"publish","type":"post","link":"https:\/\/memoriadelesilles.org\/wordpress\/2014\/06\/04\/6a-concentracio-veritat-justicia-i-reparacio\/","title":{"rendered":"6\u00aa concentraci\u00f3 VERITAT, JUST\u00cdCIA I REPARACI\u00d3"},"content":{"rendered":"<div style=\"color: #222222;\">Amigues i amics, com cada primer dissabte de mes,\u00a0<b>el proper dissabte, 7 de juny, a les 12 hores, a la Pla\u00e7a Major de Palma<\/b>, ens concentrarem per exigir:<\/div>\n<div style=\"color: #222222;\">\n<div>VERITAT, JUST\u00cdCIA I REPARACI\u00d3<\/div>\n<p>&nbsp;<\/p>\n<\/div>\n","protected":false},"excerpt":{"rendered":"<p>Amigues i amics, com cada primer dissabte de mes,\u00a0el proper dissabte, 7 de juny, a les 12 hores, a la &hellip; <a class=\"more-link\" href=\"https:\/\/memoriadelesilles.org\/wordpress\/2014\/06\/04\/6a-concentracio-veritat-justicia-i-reparacio\/\">M\u00e9s<\/a><\/p>\n","protected":false},"author":1,"featured_media":0,"comment_status":"closed","ping_status":"closed","sticky":false,"template":"","format":"standard","meta":{"footnotes":""},"categories":[2,1],"tags":[],"class_list":["post-5186","post","type-post","status-publish","format-standard","hentry","category-noticies","category-uncategorized",""],"_links":{"self":[{"href":"https:\/\/memoriadelesilles.org\/wordpress\/wp-json\/wp\/v2\/posts\/5186","targetHints":{"allow":["GET"]}}],"collection":[{"href":"https:\/\/memoriadelesilles.org\/wordpress\/wp-json\/wp\/v2\/posts"}],"about":[{"href":"https:\/\/memoriadelesilles.org\/wordpress\/wp-json\/wp\/v2\/types\/post"}],"author":[{"embeddable":true,"href":"https:\/\/memoriadelesilles.org\/wordpress\/wp-json\/wp\/v2\/users\/1"}],"replies":[{"embeddable":true,"href":"https:\/\/memoriadelesilles.org\/wordpress\/wp-json\/wp\/v2\/comments?post=5186"}],"version-history":[{"count":0,"href":"https:\/\/memoriadelesilles.org\/wordpress\/wp-json\/wp\/v2\/posts\/5186\/revisions"}],"wp:attachment":[{"href":"https:\/\/memoriadelesilles.org\/wordpress\/wp-json\/wp\/v2\/media?parent=5186"}],"wp:term":[{"taxonomy":"category","embeddable":true,"href":"https:\/\/memoriadelesilles.org\/wordpress\/wp-json\/wp\/v2\/categories?post=5186"},{"taxonomy":"post_tag","embeddable":true,"href":"https:\/\/memoriadelesilles.org\/wordpress\/wp-json\/wp\/v2\/tags?post=5186"}],"curies":[{"name":"wp","href":"https:\/\/api.w.org\/{rel}","templated":true}]}}