{"id":5184,"date":"2014-06-04T14:27:08","date_gmt":"2014-06-04T14:27:08","guid":{"rendered":"http:\/\/www.memoriadelesilles.org\/wordpress\/?p=5184"},"modified":"2014-06-04T14:27:08","modified_gmt":"2014-06-04T14:27:08","slug":"video-poetes-en-la-memoria-acte-3o-aniversari-mur-de-la-memoria","status":"publish","type":"post","link":"https:\/\/memoriadelesilles.org\/wordpress\/2014\/06\/04\/video-poetes-en-la-memoria-acte-3o-aniversari-mur-de-la-memoria\/","title":{"rendered":"V\u00eddeo &#8220;Poetes en la Mem\u00f2ria&#8221;, acte 3\u00ba aniversari Mur de la Mem\u00f2ria."},"content":{"rendered":"<p><span style=\"color: #222222;\">Amigues i amics, pels que no pogu\u00e9reu venir divendres passant, 30 de maig, al Tercer Aniversari del Mur de la Mem\u00f2ria: Poetes en la Mem\u00f2ria (Des Estable-teatre), aqu\u00ed teniu el v\u00eddeo \u00edntegre de l&#8217;acte:<\/span><\/p>\n<div style=\"color: #222222;\"><\/div>\n<div style=\"color: #222222;\"><a style=\"color: #1155cc;\" href=\"https:\/\/www.youtube.com\/watch?v=3AFEuAmBt0o&amp;feature=youtu.be\" target=\"_blank\">https:\/\/www.youtube.com\/watch?<wbr><\/wbr>v=3AFEuAmBt0o&amp;feature=youtu.be<\/a><\/div>\n","protected":false},"excerpt":{"rendered":"<p>Amigues i amics, pels que no pogu\u00e9reu venir divendres passant, 30 de maig, al Tercer Aniversari del Mur de la &hellip; <a class=\"more-link\" href=\"https:\/\/memoriadelesilles.org\/wordpress\/2014\/06\/04\/video-poetes-en-la-memoria-acte-3o-aniversari-mur-de-la-memoria\/\">M\u00e9s<\/a><\/p>\n","protected":false},"author":1,"featured_media":0,"comment_status":"closed","ping_status":"closed","sticky":false,"template":"","format":"standard","meta":{"footnotes":""},"categories":[2,1],"tags":[],"class_list":["post-5184","post","type-post","status-publish","format-standard","hentry","category-noticies","category-uncategorized",""],"_links":{"self":[{"href":"https:\/\/memoriadelesilles.org\/wordpress\/wp-json\/wp\/v2\/posts\/5184","targetHints":{"allow":["GET"]}}],"collection":[{"href":"https:\/\/memoriadelesilles.org\/wordpress\/wp-json\/wp\/v2\/posts"}],"about":[{"href":"https:\/\/memoriadelesilles.org\/wordpress\/wp-json\/wp\/v2\/types\/post"}],"author":[{"embeddable":true,"href":"https:\/\/memoriadelesilles.org\/wordpress\/wp-json\/wp\/v2\/users\/1"}],"replies":[{"embeddable":true,"href":"https:\/\/memoriadelesilles.org\/wordpress\/wp-json\/wp\/v2\/comments?post=5184"}],"version-history":[{"count":0,"href":"https:\/\/memoriadelesilles.org\/wordpress\/wp-json\/wp\/v2\/posts\/5184\/revisions"}],"wp:attachment":[{"href":"https:\/\/memoriadelesilles.org\/wordpress\/wp-json\/wp\/v2\/media?parent=5184"}],"wp:term":[{"taxonomy":"category","embeddable":true,"href":"https:\/\/memoriadelesilles.org\/wordpress\/wp-json\/wp\/v2\/categories?post=5184"},{"taxonomy":"post_tag","embeddable":true,"href":"https:\/\/memoriadelesilles.org\/wordpress\/wp-json\/wp\/v2\/tags?post=5184"}],"curies":[{"name":"wp","href":"https:\/\/api.w.org\/{rel}","templated":true}]}}